{"id":9704,"date":"2019-08-22T13:04:15","date_gmt":"2019-08-22T19:04:15","guid":{"rendered":"http:\/\/circulorojoslp.com\/?p=9704"},"modified":"2019-08-22T13:04:15","modified_gmt":"2019-08-22T19:04:15","slug":"carlos-loret-de-mola-sale-de-televisa","status":"publish","type":"post","link":"https:\/\/circulorojoslp.com\/?p=9704","title":{"rendered":"CARLOS LORET DE MOLA SALE DE TELEVISA"},"content":{"rendered":"<div class=\"\" data-block=\"true\" data-editor=\"dn2j6\" data-offset-key=\"6u0hj-0-0\"><\/div>\n<div class=\"\" data-block=\"true\" data-editor=\"dn2j6\" data-offset-key=\"71s61-0-0\">\n<div class=\"_1mf _1mj\" data-offset-key=\"71s61-0-0\"><span data-offset-key=\"71s61-0-0\">Tras m\u00e1s de 15 a\u00f1os de trabajo con Televisa, el periodista Carlos Loret de Mola se va de la televisora.<\/span><\/div>\n<div data-offset-key=\"71s61-0-0\"><\/div>\n<\/div>\n<div class=\"\" data-block=\"true\" data-editor=\"dn2j6\" data-offset-key=\"dob43-0-0\">\n<div class=\"_1mf _1mj\" data-offset-key=\"dob43-0-0\"><span data-offset-key=\"dob43-0-0\">Sin dar detalles el conductor anunci\u00f3 en su cuenta de Twitter que dar\u00eda a conocer \u201calgo muy relevante\u201d en su programa de radio. <\/span><\/div>\n<\/div>\n<div class=\"\" data-block=\"true\" data-editor=\"dn2j6\" data-offset-key=\"c8s07-0-0\">\n<div class=\"_1mf _1mj\" data-offset-key=\"c8s07-0-0\"><span data-offset-key=\"c8s07-0-0\">\u00a0<\/span><\/div>\n<\/div>\n<div class=\"\" data-block=\"true\" data-editor=\"dn2j6\" data-offset-key=\"3ggpd-0-0\">\n<div class=\"_1mf _1mj\" data-offset-key=\"3ggpd-0-0\"><span data-offset-key=\"3ggpd-0-0\">Trasciende que la salida del conductor ser\u00eda como parte de una reestructura en Televisa, quien desde hace un tiempo ha enfrentado condiciones econ\u00f3micas adversas. <\/span><\/div>\n<\/div>\n<div class=\"\" data-block=\"true\" data-editor=\"dn2j6\" data-offset-key=\"6knp9-0-0\">\n<div class=\"_1mf _1mj\" data-offset-key=\"6knp9-0-0\"><span data-offset-key=\"6knp9-0-0\">\u00a0<\/span><\/div>\n<\/div>\n<div class=\"\" data-block=\"true\" data-editor=\"dn2j6\" data-offset-key=\"5f0a7-0-0\">\n<div class=\"_1mf _1mj\" data-offset-key=\"5f0a7-0-0\"><span data-offset-key=\"5f0a7-0-0\">Carlos Loret de Mola, de 42 a\u00f1os, estaba al frente del noticiario Despierta con Loret, que se transmite de 6:30 a 8:00 de la ma\u00f1ana por Las Estrellas.<\/span><\/div>\n<\/div>\n<div class=\"\" data-block=\"true\" data-editor=\"dn2j6\" data-offset-key=\"1avc0-0-0\">\n<div class=\"_1mf _1mj\" data-offset-key=\"1avc0-0-0\"><span data-offset-key=\"1avc0-0-0\">\u00a0<\/span><\/div>\n<\/div>\n<div class=\"\" data-block=\"true\" data-editor=\"dn2j6\" data-offset-key=\"am9dp-0-0\">\n<div class=\"_1mf _1mj\" data-offset-key=\"am9dp-0-0\"><span data-offset-key=\"am9dp-0-0\">Quien podr\u00eda ocupar el espacio que deja Loret de Mola ser\u00eda la periodista Danielle Dithurbide, pues esta ma\u00f1ana se despidi\u00f3 de su noticiero de las 5:55 horas. <\/span><\/div>\n<\/div>\n<div class=\"\" data-block=\"true\" data-editor=\"dn2j6\" data-offset-key=\"bu5hp-0-0\">\n<div class=\"_1mf _1mj\" data-offset-key=\"bu5hp-0-0\"><span data-offset-key=\"bu5hp-0-0\">\u00a0<\/span><\/div>\n<\/div>\n<div class=\"\" data-block=\"true\" data-editor=\"dn2j6\" data-offset-key=\"3i29d-0-0\">\n<div class=\"_1mf _1mj\" data-offset-key=\"3i29d-0-0\"><span data-offset-key=\"3i29d-0-0\">A lo largo de 16 a\u00f1os de trabajo, Loret de Mola cubri\u00f3 guerras, desastres naturales e importantes acontecimientos a nivel nacional e internacional. <\/span><\/div>\n<\/div>\n<div class=\"\" data-block=\"true\" data-editor=\"dn2j6\" data-offset-key=\"fnln-0-0\">\n<div class=\"_1mf _1mj\" data-offset-key=\"fnln-0-0\"><span data-offset-key=\"fnln-0-0\">\u00a0<\/span><\/div>\n<\/div>\n<div class=\"\" data-block=\"true\" data-editor=\"dn2j6\" data-offset-key=\"6sej6-0-0\"><\/div>\n","protected":false},"excerpt":{"rendered":"<p>Tras m\u00e1s de 15 a\u00f1os de trabajo con Televisa, el periodista Carlos Loret de Mola se va de la televisora. Sin dar detalles el conductor anunci\u00f3 en su cuenta de Twitter que dar\u00eda a conocer \u201calgo muy relevante\u201d en su programa de radio. \u00a0 Trasciende que la salida del conductor ser\u00eda como parte de una [&hellip;]<\/p>\n","protected":false},"author":5,"featured_media":9705,"comment_status":"open","ping_status":"open","sticky":false,"template":"","format":"standard","meta":{"footnotes":""},"categories":[3],"tags":[22],"class_list":["post-9704","post","type-post","status-publish","format-standard","has-post-thumbnail","hentry","category-nacionales","tag-principal"],"jetpack-related-posts":[],"_links":{"self":[{"href":"https:\/\/circulorojoslp.com\/index.php?rest_route=\/wp\/v2\/posts\/9704"}],"collection":[{"href":"https:\/\/circulorojoslp.com\/index.php?rest_route=\/wp\/v2\/posts"}],"about":[{"href":"https:\/\/circulorojoslp.com\/index.php?rest_route=\/wp\/v2\/types\/post"}],"author":[{"embeddable":true,"href":"https:\/\/circulorojoslp.com\/index.php?rest_route=\/wp\/v2\/users\/5"}],"replies":[{"embeddable":true,"href":"https:\/\/circulorojoslp.com\/index.php?rest_route=%2Fwp%2Fv2%2Fcomments&post=9704"}],"version-history":[{"count":1,"href":"https:\/\/circulorojoslp.com\/index.php?rest_route=\/wp\/v2\/posts\/9704\/revisions"}],"predecessor-version":[{"id":9706,"href":"https:\/\/circulorojoslp.com\/index.php?rest_route=\/wp\/v2\/posts\/9704\/revisions\/9706"}],"wp:featuredmedia":[{"embeddable":true,"href":"https:\/\/circulorojoslp.com\/index.php?rest_route=\/wp\/v2\/media\/9705"}],"wp:attachment":[{"href":"https:\/\/circulorojoslp.com\/index.php?rest_route=%2Fwp%2Fv2%2Fmedia&parent=9704"}],"wp:term":[{"taxonomy":"category","embeddable":true,"href":"https:\/\/circulorojoslp.com\/index.php?rest_route=%2Fwp%2Fv2%2Fcategories&post=9704"},{"taxonomy":"post_tag","embeddable":true,"href":"https:\/\/circulorojoslp.com\/index.php?rest_route=%2Fwp%2Fv2%2Ftags&post=9704"}],"curies":[{"name":"wp","href":"https:\/\/api.w.org\/{rel}","templated":true}]}}