{"id":963,"date":"2018-05-01T10:59:01","date_gmt":"2018-05-01T16:59:01","guid":{"rendered":"http:\/\/circulorojoslp.com\/?p=963"},"modified":"2018-05-01T10:59:01","modified_gmt":"2018-05-01T16:59:01","slug":"meade-se-compromete-a-fomentar-el-trabajo-digno","status":"publish","type":"post","link":"https:\/\/circulorojoslp.com\/?p=963","title":{"rendered":"Meade se compromete a fomentar el trabajo digno"},"content":{"rendered":"<p>El candidato de la coalici\u00f3n \u201cTodos por M\u00e9xico\u201d, <strong><a href=\"https:\/\/meade18.com\/\" target=\"_blank\" rel=\"noopener\">Jos\u00e9 Antonio Meade<\/a>, se comprometi\u00f3 a fomentar el trabajo digno a partir de la inversi\u00f3n, la productividad, la seguridad y la previsi\u00f3n social<\/strong>.<\/p>\n<p><a href=\"http:\/\/www.excelsior.com.mx\/nacional\/insiste-anaya-con-salario-minimo-de-100-y-mejores-trabajos\/1235989\" target=\"_blank\" rel=\"noopener\"><strong>Insiste Anaya con salario m\u00ednimo de $100 y mejores trabajos<\/strong><\/a><\/p>\n<p>En el marco del D\u00eda del Trabajo que se celebra el 1 de Mayo, el abanderado de los partidos Revolucionario Institucional, Verde Ecologista de M\u00e9xico y Nueva Alianza, tuite\u00f3:<\/p>\n<blockquote><p>En el #D\u00edaDelTrabajo #YoMero me comprometo a fomentar el trabajo digno a partir de la inversi\u00f3n, la productividad, la seguridad y previsi\u00f3n social, en pleno equilibrio entre los factores de la producci\u00f3n\u201d.<\/p><\/blockquote>\n","protected":false},"excerpt":{"rendered":"<p>El candidato de la coalici\u00f3n \u201cTodos por M\u00e9xico\u201d, Jos\u00e9 Antonio Meade, se comprometi\u00f3 a fomentar el trabajo digno a partir de la inversi\u00f3n, la productividad, la seguridad y la previsi\u00f3n social. Insiste Anaya con salario m\u00ednimo de $100 y mejores trabajos En el marco del D\u00eda del Trabajo que se celebra el 1 de Mayo, [&hellip;]<\/p>\n","protected":false},"author":5,"featured_media":964,"comment_status":"open","ping_status":"open","sticky":false,"template":"","format":"standard","meta":{"footnotes":""},"categories":[3],"tags":[],"class_list":["post-963","post","type-post","status-publish","format-standard","has-post-thumbnail","hentry","category-nacionales"],"jetpack-related-posts":[],"_links":{"self":[{"href":"https:\/\/circulorojoslp.com\/index.php?rest_route=\/wp\/v2\/posts\/963"}],"collection":[{"href":"https:\/\/circulorojoslp.com\/index.php?rest_route=\/wp\/v2\/posts"}],"about":[{"href":"https:\/\/circulorojoslp.com\/index.php?rest_route=\/wp\/v2\/types\/post"}],"author":[{"embeddable":true,"href":"https:\/\/circulorojoslp.com\/index.php?rest_route=\/wp\/v2\/users\/5"}],"replies":[{"embeddable":true,"href":"https:\/\/circulorojoslp.com\/index.php?rest_route=%2Fwp%2Fv2%2Fcomments&post=963"}],"version-history":[{"count":1,"href":"https:\/\/circulorojoslp.com\/index.php?rest_route=\/wp\/v2\/posts\/963\/revisions"}],"predecessor-version":[{"id":965,"href":"https:\/\/circulorojoslp.com\/index.php?rest_route=\/wp\/v2\/posts\/963\/revisions\/965"}],"wp:featuredmedia":[{"embeddable":true,"href":"https:\/\/circulorojoslp.com\/index.php?rest_route=\/wp\/v2\/media\/964"}],"wp:attachment":[{"href":"https:\/\/circulorojoslp.com\/index.php?rest_route=%2Fwp%2Fv2%2Fmedia&parent=963"}],"wp:term":[{"taxonomy":"category","embeddable":true,"href":"https:\/\/circulorojoslp.com\/index.php?rest_route=%2Fwp%2Fv2%2Fcategories&post=963"},{"taxonomy":"post_tag","embeddable":true,"href":"https:\/\/circulorojoslp.com\/index.php?rest_route=%2Fwp%2Fv2%2Ftags&post=963"}],"curies":[{"name":"wp","href":"https:\/\/api.w.org\/{rel}","templated":true}]}}