{"id":960,"date":"2018-05-01T10:57:44","date_gmt":"2018-05-01T16:57:44","guid":{"rendered":"http:\/\/circulorojoslp.com\/?p=960"},"modified":"2018-05-01T10:57:44","modified_gmt":"2018-05-01T16:57:44","slug":"ni-uniendose-todos-nos-van-a-ganar-la-gente-ya-decidio-amlo","status":"publish","type":"post","link":"https:\/\/circulorojoslp.com\/?p=960","title":{"rendered":"Ni uni\u00e9ndose todos nos van a ganar, la gente ya decidi\u00f3: AMLO"},"content":{"rendered":"<p>El candidato presidencial del PAN, Ricardo Anaya, est\u00e1 \u201ccompletamente desorientado\u201d y sus llamados al voto \u00fatil \u201cson alucinantes\u201d porque no van a cambiar el resultado de las elecciones del pr\u00f3ximo primero de julio en las urnas, sostuvo <strong>Andr\u00e9s Manuel L\u00f3pez Obrador<\/strong>.<\/p>\n<p>Al iniciar la semana en Tepeaca, Puebla, el candidato presidencial de la coalici\u00f3n <strong>Juntos Haremos Historia<\/strong> llam\u00f3 a la ciudadan\u00eda a poner atenci\u00f3n a la conducta de Anaya Cort\u00e9s, pues hace unas semanas asegur\u00f3 que meter\u00eda a la c\u00e1rcel al presidente de M\u00e9xico, Enrique Pe\u00f1a Nieto y ante banqueros el viernes pasado, reconoci\u00f3 que podr\u00eda aliarse con el jefe del ejecutivo federal para impedir que el tabasque\u00f1o triunfe a toda costa.<\/p>\n<p>Para L\u00f3pez Obrador los dichos del panista no dejan duda de que el ex l\u00edder del Partido Acci\u00f3n Nacional est\u00e1 \u201cmuy mal asesorado\u201d.<\/p>\n<blockquote><p>F\u00edjense eso, hace como dos meses dec\u00eda que iba a meter a la c\u00e1rcel a Pe\u00f1a y ahora est\u00e1 diciendo que se va arreglar con Pe\u00f1a, que se va a reunir con Pe\u00f1a, ya cambi\u00f3 de parecer, est\u00e1 realmente muy desorientado, creo yo que no lo est\u00e1n asesorando bien, adem\u00e1s el PRI con Meade est\u00e1 haciendo su lucha\u201d expres\u00f3 en entrevista al t\u00e9rmino del acto de campa\u00f1a en Tepeaca.<\/p><\/blockquote>\n<p>En el caso de voto \u00fatil al que llama Anaya Cort\u00e9s para evitar su triunfo, el candidato de Morena, el Partido del Trabajo y el Partido Encuentro Social consider\u00f3 que el panista \u201calucina\u201d frente a una ciudadan\u00eda que ya resolvi\u00f3 apoyar una transformaci\u00f3n profunda y ben\u00e9fica para el pa\u00eds.<\/p>\n<blockquote><p>Ya es una alucinaci\u00f3n, es una alucinaci\u00f3n porque ni uni\u00e9ndose todos nos van a ganar, la gente ya decidi\u00f3 que haya un cambio verdadero, una transformaci\u00f3n y les puedo hasta adelantar que se van a seguir uniendo militantes y dirigentes del PAN y del PRI a nuestro movimiento\u201d detall\u00f3 al afirmar que su candidatura \u201cno necesita\u201d echar mano del voto \u00fatil para fortalecerse.<\/p><\/blockquote>\n<p>De hecho, los llamados al voto \u00fatil y otros factores fueron los que llevaron a la debacle al Partido Acci\u00f3n Nacional (PA), al mezclar el pensamiento del fundador de ese instituto pol\u00edtico, Manuel G\u00f3mez Mor\u00edn con\u00a0 la forma de actuar de Ricardo Anaya, quien permite\u00a0 impulsar candidaturas mon\u00e1rquicas en Puebla y Veracruz para que los de \u201cla moronga azul\u201d dejen a sus esposas e hijos en los cargos de gobernadores, tal y como ocurre en el primer caso con Martha Erika Alonso, esposa de Moreno Valle y en Veracruz, con Miguel Yunes M\u00e1rquez, hijo de Miguel \u00c1ngel Yunes Linares, actual gobernador.<\/p>\n<blockquote><p>Es una especie de monarqu\u00eda de la moronga azul, eso es lo que acab\u00f3 con el PAN (&#8230;) qu\u00e9 tiene que ver el pensamiento de Manuel G\u00f3mez Mor\u00edn con el pensamiento de Moreno Valle o Yunes Linares o con Anaya, nada absolutamente, por eso mucha gente del PAN se est\u00e1 uniendo\u201d.<\/p><\/blockquote>\n<p>Adelant\u00f3 que, aunque sea el presidente la Rep\u00fablica \u201csiempre ser\u00e1 respetuoso\u201d de sus adversarios pol\u00edticos y la ciudadan\u00eda.<\/p>\n<blockquote><p>Yo lo \u00fanico que voy a tomar en cuenta es que no debo actuar con soberbia, no puedo yo dejar de ser humilde y tener siempre los pies en la tierra; que no se nos suba y que yo no ofenda a nadie, que siempre actuemos con respeto y amor y paz\u201d.<\/p><\/blockquote>\n","protected":false},"excerpt":{"rendered":"<p>El candidato presidencial del PAN, Ricardo Anaya, est\u00e1 \u201ccompletamente desorientado\u201d y sus llamados al voto \u00fatil \u201cson alucinantes\u201d porque no van a cambiar el resultado de las elecciones del pr\u00f3ximo primero de julio en las urnas, sostuvo Andr\u00e9s Manuel L\u00f3pez Obrador. Al iniciar la semana en Tepeaca, Puebla, el candidato presidencial de la coalici\u00f3n Juntos [&hellip;]<\/p>\n","protected":false},"author":5,"featured_media":961,"comment_status":"open","ping_status":"open","sticky":false,"template":"","format":"standard","meta":{"footnotes":""},"categories":[3],"tags":[],"class_list":["post-960","post","type-post","status-publish","format-standard","has-post-thumbnail","hentry","category-nacionales"],"jetpack-related-posts":[],"_links":{"self":[{"href":"https:\/\/circulorojoslp.com\/index.php?rest_route=\/wp\/v2\/posts\/960"}],"collection":[{"href":"https:\/\/circulorojoslp.com\/index.php?rest_route=\/wp\/v2\/posts"}],"about":[{"href":"https:\/\/circulorojoslp.com\/index.php?rest_route=\/wp\/v2\/types\/post"}],"author":[{"embeddable":true,"href":"https:\/\/circulorojoslp.com\/index.php?rest_route=\/wp\/v2\/users\/5"}],"replies":[{"embeddable":true,"href":"https:\/\/circulorojoslp.com\/index.php?rest_route=%2Fwp%2Fv2%2Fcomments&post=960"}],"version-history":[{"count":1,"href":"https:\/\/circulorojoslp.com\/index.php?rest_route=\/wp\/v2\/posts\/960\/revisions"}],"predecessor-version":[{"id":962,"href":"https:\/\/circulorojoslp.com\/index.php?rest_route=\/wp\/v2\/posts\/960\/revisions\/962"}],"wp:featuredmedia":[{"embeddable":true,"href":"https:\/\/circulorojoslp.com\/index.php?rest_route=\/wp\/v2\/media\/961"}],"wp:attachment":[{"href":"https:\/\/circulorojoslp.com\/index.php?rest_route=%2Fwp%2Fv2%2Fmedia&parent=960"}],"wp:term":[{"taxonomy":"category","embeddable":true,"href":"https:\/\/circulorojoslp.com\/index.php?rest_route=%2Fwp%2Fv2%2Fcategories&post=960"},{"taxonomy":"post_tag","embeddable":true,"href":"https:\/\/circulorojoslp.com\/index.php?rest_route=%2Fwp%2Fv2%2Ftags&post=960"}],"curies":[{"name":"wp","href":"https:\/\/api.w.org\/{rel}","templated":true}]}}