{"id":957,"date":"2018-05-01T10:56:40","date_gmt":"2018-05-01T16:56:40","guid":{"rendered":"http:\/\/circulorojoslp.com\/?p=957"},"modified":"2018-05-01T10:56:40","modified_gmt":"2018-05-01T16:56:40","slug":"zavala-dice-no-a-frente-anti-amlo","status":"publish","type":"post","link":"https:\/\/circulorojoslp.com\/?p=957","title":{"rendered":"Zavala dice no a frente anti AMLO"},"content":{"rendered":"<p>Margarita Zavala dijo no a un gran frente anti L\u00f3pez Obrador, al se\u00f1alar que es muy temprano en la contienda para <strong>llamar al voto \u00fatil<\/strong>, lo que, en todo caso, asegur\u00f3, no deciden los candidatos sino los ciudadanos.<\/p>\n<p>La aspirante independiente a la Presidencia de la Rep\u00fablica indic\u00f3 que, a pesar de sus enormes diferencias con el pol\u00edtico tabasque\u00f1o, faltan dos meses de campa\u00f1a, apenas va el primer tercio, y es <strong>tiempo de propuestas, contrastes y reflexi\u00f3n<\/strong>.<\/p>\n<p>Record\u00f3 que existen puntos de vista que se contraponen entre ella y L\u00f3pez Obrador en temas como seguridad, ya que considera que <strong>la amnist\u00eda es una \u201ccobard\u00eda\u201d<\/strong>, no est\u00e1 de acuerdo en criminalizar la pobreza, va por profundizar la reforma educativa y quiere una econom\u00eda del bien com\u00fan con respeto a la propiedad privada, donde tambi\u00e9n hay una diferencia con el abanderado de la coalici\u00f3n \u2018Juntos Haremos Historia\u2019.<\/p>\n<blockquote><p>En las campa\u00f1as se dicen muchas cosas, por supuesto y se sue\u00f1an otras tantas, pero yo estoy convencida que, en estos d\u00edas, lo que se necesita es hacer los contrastes\u201d, manifest\u00f3.<\/p><\/blockquote>\n<p>Margarita Zavala <strong>rechaz\u00f3 recibir presiones de empresarios<\/strong> para declinar y sumarse a una propuesta \u00fanica que cierre el paso a Andr\u00e9s Manuel L\u00f3pez Obrador.<\/p>\n<blockquote><p>Quien no cree que L\u00f3pez Obrador sea el camino correcto, estoy proponiendo que se una a esta alternativa, que tiene alma, que tiene convicci\u00f3n\u201d, subray\u00f3.<\/p><\/blockquote>\n<p>En conferencia de prensa en su casa de campa\u00f1a, acompa\u00f1ada de su asesora en combate a la desigualdad, Eufrosina Cruz, la candidata independiente <strong>propuso elevar el salario m\u00ednimo a un promedio de entre 96 y 100 pesos diarios<\/strong>, eliminar el ISR a los trabajadores que ganen menos de 15 mil pesos y acompa\u00f1ar estas medidas con una pol\u00edtica social de becas para ni\u00f1os, j\u00f3venes y mujeres, as\u00ed como un esquema de intervenci\u00f3n en los pueblos ind\u00edgenas, que saque de la pobreza a 54.4 millones de mexicanos.<\/p>\n<p>A prop\u00f3sito del D\u00eda del Trabajo, Margarita Zavala se pronunci\u00f3 por <strong>apoyar la creaci\u00f3n de sindicatos libres y eliminar los abusos de poder de sus l\u00edderes<\/strong>, as\u00ed como aplicar incentivos fiscales para que las empresas contraten personas con discapacidad, adultos mayores y comunidades ind\u00edgenas.<\/p>\n","protected":false},"excerpt":{"rendered":"<p>Margarita Zavala dijo no a un gran frente anti L\u00f3pez Obrador, al se\u00f1alar que es muy temprano en la contienda para llamar al voto \u00fatil, lo que, en todo caso, asegur\u00f3, no deciden los candidatos sino los ciudadanos. La aspirante independiente a la Presidencia de la Rep\u00fablica indic\u00f3 que, a pesar de sus enormes diferencias [&hellip;]<\/p>\n","protected":false},"author":5,"featured_media":958,"comment_status":"open","ping_status":"open","sticky":false,"template":"","format":"standard","meta":{"footnotes":""},"categories":[3],"tags":[],"class_list":["post-957","post","type-post","status-publish","format-standard","has-post-thumbnail","hentry","category-nacionales"],"jetpack-related-posts":[],"_links":{"self":[{"href":"https:\/\/circulorojoslp.com\/index.php?rest_route=\/wp\/v2\/posts\/957"}],"collection":[{"href":"https:\/\/circulorojoslp.com\/index.php?rest_route=\/wp\/v2\/posts"}],"about":[{"href":"https:\/\/circulorojoslp.com\/index.php?rest_route=\/wp\/v2\/types\/post"}],"author":[{"embeddable":true,"href":"https:\/\/circulorojoslp.com\/index.php?rest_route=\/wp\/v2\/users\/5"}],"replies":[{"embeddable":true,"href":"https:\/\/circulorojoslp.com\/index.php?rest_route=%2Fwp%2Fv2%2Fcomments&post=957"}],"version-history":[{"count":1,"href":"https:\/\/circulorojoslp.com\/index.php?rest_route=\/wp\/v2\/posts\/957\/revisions"}],"predecessor-version":[{"id":959,"href":"https:\/\/circulorojoslp.com\/index.php?rest_route=\/wp\/v2\/posts\/957\/revisions\/959"}],"wp:featuredmedia":[{"embeddable":true,"href":"https:\/\/circulorojoslp.com\/index.php?rest_route=\/wp\/v2\/media\/958"}],"wp:attachment":[{"href":"https:\/\/circulorojoslp.com\/index.php?rest_route=%2Fwp%2Fv2%2Fmedia&parent=957"}],"wp:term":[{"taxonomy":"category","embeddable":true,"href":"https:\/\/circulorojoslp.com\/index.php?rest_route=%2Fwp%2Fv2%2Fcategories&post=957"},{"taxonomy":"post_tag","embeddable":true,"href":"https:\/\/circulorojoslp.com\/index.php?rest_route=%2Fwp%2Fv2%2Ftags&post=957"}],"curies":[{"name":"wp","href":"https:\/\/api.w.org\/{rel}","templated":true}]}}