{"id":9142,"date":"2019-07-29T10:19:18","date_gmt":"2019-07-29T16:19:18","guid":{"rendered":"http:\/\/circulorojoslp.com\/?p=9142"},"modified":"2019-07-29T10:19:18","modified_gmt":"2019-07-29T16:19:18","slug":"diputadas-retrasadas","status":"publish","type":"post","link":"https:\/\/circulorojoslp.com\/?p=9142","title":{"rendered":"DIPUTADAS RETRASADAS"},"content":{"rendered":"<div class=\"\" data-block=\"true\" data-editor=\"ehpp7\" data-offset-key=\"7107n-0-0\"><\/div>\n<div class=\"\" data-block=\"true\" data-editor=\"ehpp7\" data-offset-key=\"8hb8t-0-0\">\n<div class=\"_1mf _1mj\" data-offset-key=\"8hb8t-0-0\"><span data-offset-key=\"8hb8t-0-0\">Muy, pero muy atrasadas andan las diputadas locales, queriendo a estas alturas exigir la paridad en el Congreso del Estado.<\/span><\/div>\n<\/div>\n<div class=\"\" data-block=\"true\" data-editor=\"ehpp7\" data-offset-key=\"5h9t3-0-0\">\n<div class=\"_1mf _1mj\" data-offset-key=\"5h9t3-0-0\"><span data-offset-key=\"5h9t3-0-0\">\u00a0<\/span><\/div>\n<\/div>\n<div class=\"\" data-block=\"true\" data-editor=\"ehpp7\" data-offset-key=\"3vo6t-0-0\">\n<div class=\"_1mf _1mj\" data-offset-key=\"3vo6t-0-0\"><span data-offset-key=\"3vo6t-0-0\">Est\u00e1 muy bien que la busquen, y tienen todas las posibilidades de lograrlo.<\/span><\/div>\n<\/div>\n<div class=\"\" data-block=\"true\" data-editor=\"ehpp7\" data-offset-key=\"37c3q-0-0\">\n<div class=\"_1mf _1mj\" data-offset-key=\"37c3q-0-0\"><span data-offset-key=\"37c3q-0-0\">\u00a0<\/span><\/div>\n<\/div>\n<div class=\"\" data-block=\"true\" data-editor=\"ehpp7\" data-offset-key=\"4f766-0-0\">\n<div class=\"_1mf _1mj\" data-offset-key=\"4f766-0-0\"><span data-offset-key=\"4f766-0-0\">No obstante, no dejan de verse muy lentas, pues desde que fue integrada la presente legislatura pudieron hacerlo.<\/span><\/div>\n<\/div>\n<div class=\"\" data-block=\"true\" data-editor=\"ehpp7\" data-offset-key=\"69de0-0-0\">\n<div class=\"_1mf _1mj\" data-offset-key=\"69de0-0-0\"><span data-offset-key=\"69de0-0-0\">\u00a0<\/span><\/div>\n<\/div>\n<div class=\"\" data-block=\"true\" data-editor=\"ehpp7\" data-offset-key=\"37lk0-0-0\">\n<div class=\"_1mf _1mj\" data-offset-key=\"37lk0-0-0\"><span data-offset-key=\"37lk0-0-0\">Es decir: en ese momento debieron exigir que hubiera una paridad en todo, no solo en la presidencia de la Mesa Directiva y la Junta de Coordinaci\u00f3n Pol\u00edtica.<\/span><\/div>\n<\/div>\n<div class=\"\" data-block=\"true\" data-editor=\"ehpp7\" data-offset-key=\"bm205-0-0\">\n<div class=\"_1mf _1mj\" data-offset-key=\"bm205-0-0\"><span data-offset-key=\"bm205-0-0\">\u00a0<\/span><\/div>\n<\/div>\n<div class=\"\" data-block=\"true\" data-editor=\"ehpp7\" data-offset-key=\"af9sm-0-0\">\n<div class=\"_1mf _1mj\" data-offset-key=\"af9sm-0-0\"><span data-offset-key=\"af9sm-0-0\">Por cierto, si en la primera qued\u00f3 una mujer (Sonia Mendoza), y en el segundo un imberbe (Edson Quintanar) no fue por esp\u00edritu de equidad, sino por negociaci\u00f3n pol\u00edtica entre las dos fuerzas partidistas mayoritarias.<\/span><\/div>\n<\/div>\n<div class=\"\" data-block=\"true\" data-editor=\"ehpp7\" data-offset-key=\"49f98-0-0\">\n<div class=\"_1mf _1mj\" data-offset-key=\"49f98-0-0\"><span data-offset-key=\"49f98-0-0\">\u00a0<\/span><\/div>\n<\/div>\n<div class=\"\" data-block=\"true\" data-editor=\"ehpp7\" data-offset-key=\"db7gk-0-0\">\n<div class=\"_1mf _1mj\" data-offset-key=\"db7gk-0-0\"><span data-offset-key=\"db7gk-0-0\">Pero ah\u00ed se dio, para empezar, una verdadera falta de respeto a esa paridad, sin que los hombres (del PAN), y las mujeres (de MORENA), se hicieran respetar.<\/span><\/div>\n<\/div>\n<div class=\"\" data-block=\"true\" data-editor=\"ehpp7\" data-offset-key=\"ftvs6-0-0\">\n<div class=\"_1mf _1mj\" data-offset-key=\"ftvs6-0-0\"><span data-offset-key=\"ftvs6-0-0\">\u00a0<\/span><\/div>\n<\/div>\n<div class=\"\" data-block=\"true\" data-editor=\"ehpp7\" data-offset-key=\"bq5kh-0-0\">\n<div class=\"_1mf _1mj\" data-offset-key=\"bq5kh-0-0\"><span data-offset-key=\"bq5kh-0-0\">Los panistas dejaron que los pastoreara una mujer (Sonia Mendoza) cuando al ser dos mujeres y cuatro hombres, correspond\u00eda a uno de estos \u00faltimos presidir la citada Mesa Directiva.<\/span><\/div>\n<\/div>\n<div class=\"\" data-block=\"true\" data-editor=\"ehpp7\" data-offset-key=\"vu8a-0-0\">\n<div class=\"_1mf _1mj\" data-offset-key=\"vu8a-0-0\"><span data-offset-key=\"vu8a-0-0\">\u00a0<\/span><\/div>\n<\/div>\n<div class=\"\" data-block=\"true\" data-editor=\"ehpp7\" data-offset-key=\"33rhp-0-0\">\n<div class=\"_1mf _1mj\" data-offset-key=\"33rhp-0-0\"><span data-offset-key=\"33rhp-0-0\">El caso contrario, m\u00e1s penoso, se dio en la designaci\u00f3n del presidente de la Junta de Coordinaci\u00f3n Pol\u00edtica (JUCOPA), que correspond\u00eda a MORENA, al ser designado Edson Quintanar S\u00e1nchez, cuando esa fracci\u00f3n parlamentaria est\u00e1 integrada por cinco mujeres y Edson.<\/span><\/div>\n<\/div>\n<div class=\"\" data-block=\"true\" data-editor=\"ehpp7\" data-offset-key=\"60p2a-0-0\">\n<div class=\"_1mf _1mj\" data-offset-key=\"60p2a-0-0\"><span data-offset-key=\"60p2a-0-0\">\u00a0<\/span><\/div>\n<\/div>\n<div class=\"\" data-block=\"true\" data-editor=\"ehpp7\" data-offset-key=\"44okm-0-0\">\n<div class=\"_1mf _1mj\" data-offset-key=\"44okm-0-0\"><span data-offset-key=\"44okm-0-0\">Y si aqu\u00ed las mujeres morenistas quedaron en m\u00e1s rid\u00edculo fue porque dejaron que el m\u00e1s joven, corrupto, e inexperto de los seis presidiera esa JUCOPO, donde, por cierto, se manejan el dinero del Poder Legislativo.<\/span><\/div>\n<\/div>\n<div class=\"\" data-block=\"true\" data-editor=\"ehpp7\" data-offset-key=\"2vbem-0-0\">\n<div class=\"_1mf _1mj\" data-offset-key=\"2vbem-0-0\"><span data-offset-key=\"2vbem-0-0\">\u00a0<\/span><\/div>\n<\/div>\n<div class=\"\" data-block=\"true\" data-editor=\"ehpp7\" data-offset-key=\"1ea3e-0-0\">\n<div class=\"_1mf _1mj\" data-offset-key=\"1ea3e-0-0\"><span data-offset-key=\"1ea3e-0-0\">Las cinco diputadas tienen responsabilidad en ese nombramiento que ya ha perjudicado a los potosinos con m\u00e1s transas y diversas anomal\u00edas en las finanzas del Congreso.<\/span><\/div>\n<\/div>\n<div class=\"\" data-block=\"true\" data-editor=\"ehpp7\" data-offset-key=\"6gko0-0-0\">\n<div class=\"_1mf _1mj\" data-offset-key=\"6gko0-0-0\"><span data-offset-key=\"6gko0-0-0\">\u00a0<\/span><\/div>\n<\/div>\n<div class=\"\" data-block=\"true\" data-editor=\"ehpp7\" data-offset-key=\"e3v3h-0-0\">\n<div class=\"_1mf _1mj\" data-offset-key=\"e3v3h-0-0\"><span data-offset-key=\"e3v3h-0-0\">Por eso ahora resulta con mucho retraso que luego de un a\u00f1o levanten la voz para anunciar que buscar\u00e1n la paridad diputadas del partido de AMLO, como Ang\u00e9lica Mendoza y Marite Hern\u00e1ndez Correa.<\/span><\/div>\n<\/div>\n<div class=\"\" data-block=\"true\" data-editor=\"ehpp7\" data-offset-key=\"2gtp3-0-0\">\n<div class=\"_1mf _1mj\" data-offset-key=\"2gtp3-0-0\"><span data-offset-key=\"2gtp3-0-0\">\u00a0<\/span><\/div>\n<\/div>\n<div class=\"\" data-block=\"true\" data-editor=\"ehpp7\" data-offset-key=\"fq808-0-0\">\n<div class=\"_1mf _1mj\" data-offset-key=\"fq808-0-0\"><span data-offset-key=\"fq808-0-0\">Sobre todo, la segunda, Hern\u00e1ndez Correa, no tiene mucha verg\u00fcenza en solicitar eso, pues en su momento cont\u00f3 con el apoyo de la mayor\u00eda de su fracci\u00f3n para presidir esa JUCOPO, pero su inseguridad, falta de preparaci\u00f3n, y mediocridad, permiti\u00f3 que entrara Edson, con las lamentables consecuencias que ahora hemos estado viendo.<\/span><\/div>\n<\/div>\n<div class=\"\" data-block=\"true\" data-editor=\"ehpp7\" data-offset-key=\"3im67-0-0\">\n<div class=\"_1mf _1mj\" data-offset-key=\"3im67-0-0\"><span data-offset-key=\"3im67-0-0\">\u00a0<\/span><\/div>\n<\/div>\n<div class=\"\" data-block=\"true\" data-editor=\"ehpp7\" data-offset-key=\"4skhd-0-0\">\n<div class=\"_1mf _1mj\" data-offset-key=\"4skhd-0-0\"><span data-offset-key=\"4skhd-0-0\">Pero la paridad de g\u00e9nero no debe quedar ah\u00ed, si estas legisladoras tuvieran claro el tema, ya deber\u00edan implementar esa paridad en comisiones legislativas, puestos administrativos del congreso, y contrataciones de todo tipo.<\/span><\/div>\n<\/div>\n<div class=\"\" data-block=\"true\" data-editor=\"ehpp7\" data-offset-key=\"2alq4-0-0\">\n<div class=\"_1mf _1mj\" data-offset-key=\"2alq4-0-0\"><span data-offset-key=\"2alq4-0-0\">\u00a0<\/span><\/div>\n<\/div>\n<div class=\"\" data-block=\"true\" data-editor=\"ehpp7\" data-offset-key=\"els1f-0-0\">\n<div class=\"_1mf _1mj\" data-offset-key=\"els1f-0-0\"><span data-offset-key=\"els1f-0-0\">Esa es una l\u00ednea que est\u00e1 ya contemplada desde mayo del presente a\u00f1o a nivel federal, reforma que fue aprobada en el Senado el d\u00eda 14 de ese mes, y que, entre otras cosas contempla tal paridad en los tres Poderes de la Uni\u00f3n (Ejecutivo, Legislativo, Judicial).<\/span><\/div>\n<\/div>\n<div class=\"\" data-block=\"true\" data-editor=\"ehpp7\" data-offset-key=\"bdabs-0-0\">\n<div class=\"_1mf _1mj\" data-offset-key=\"bdabs-0-0\"><span data-offset-key=\"bdabs-0-0\">\u00a0<\/span><\/div>\n<\/div>\n<div class=\"\" data-block=\"true\" data-editor=\"ehpp7\" data-offset-key=\"ba6fd-0-0\">\n<div class=\"_1mf _1mj\" data-offset-key=\"ba6fd-0-0\"><span data-offset-key=\"ba6fd-0-0\">Pero tambi\u00e9n la reforma constitucional dispone lo mismo para los gobiernos de los estados y los municipios.<\/span><\/div>\n<\/div>\n<div class=\"\" data-block=\"true\" data-editor=\"ehpp7\" data-offset-key=\"4i89o-0-0\">\n<div class=\"_1mf _1mj\" data-offset-key=\"4i89o-0-0\"><span data-offset-key=\"4i89o-0-0\">\u00a0<\/span><\/div>\n<\/div>\n<div class=\"\" data-block=\"true\" data-editor=\"ehpp7\" data-offset-key=\"debt6-0-0\">\n<div class=\"_1mf _1mj\" data-offset-key=\"debt6-0-0\"><span data-offset-key=\"debt6-0-0\">No obstante, dada la trayectoria de este Congreso y de sus diputados, lo que se prev\u00e9 es que siga la lentitud y las negociaciones bajo la mesa, para que contin\u00fae privando la corrupci\u00f3n y la inequidad en los puestos del Congreso, sean de representaci\u00f3n social, administrativos, o de empleos por honorarios.<\/span><\/div>\n<\/div>\n","protected":false},"excerpt":{"rendered":"<p>Muy, pero muy atrasadas andan las diputadas locales, queriendo a estas alturas exigir la paridad en el Congreso del Estado. \u00a0 Est\u00e1 muy bien que la busquen, y tienen todas las posibilidades de lograrlo. \u00a0 No obstante, no dejan de verse muy lentas, pues desde que fue integrada la presente legislatura pudieron hacerlo. \u00a0 Es [&hellip;]<\/p>\n","protected":false},"author":5,"featured_media":9143,"comment_status":"open","ping_status":"open","sticky":false,"template":"","format":"standard","meta":{"footnotes":""},"categories":[20],"tags":[22],"class_list":["post-9142","post","type-post","status-publish","format-standard","has-post-thumbnail","hentry","category-opinion","tag-principal"],"jetpack-related-posts":[],"_links":{"self":[{"href":"https:\/\/circulorojoslp.com\/index.php?rest_route=\/wp\/v2\/posts\/9142"}],"collection":[{"href":"https:\/\/circulorojoslp.com\/index.php?rest_route=\/wp\/v2\/posts"}],"about":[{"href":"https:\/\/circulorojoslp.com\/index.php?rest_route=\/wp\/v2\/types\/post"}],"author":[{"embeddable":true,"href":"https:\/\/circulorojoslp.com\/index.php?rest_route=\/wp\/v2\/users\/5"}],"replies":[{"embeddable":true,"href":"https:\/\/circulorojoslp.com\/index.php?rest_route=%2Fwp%2Fv2%2Fcomments&post=9142"}],"version-history":[{"count":1,"href":"https:\/\/circulorojoslp.com\/index.php?rest_route=\/wp\/v2\/posts\/9142\/revisions"}],"predecessor-version":[{"id":9144,"href":"https:\/\/circulorojoslp.com\/index.php?rest_route=\/wp\/v2\/posts\/9142\/revisions\/9144"}],"wp:featuredmedia":[{"embeddable":true,"href":"https:\/\/circulorojoslp.com\/index.php?rest_route=\/wp\/v2\/media\/9143"}],"wp:attachment":[{"href":"https:\/\/circulorojoslp.com\/index.php?rest_route=%2Fwp%2Fv2%2Fmedia&parent=9142"}],"wp:term":[{"taxonomy":"category","embeddable":true,"href":"https:\/\/circulorojoslp.com\/index.php?rest_route=%2Fwp%2Fv2%2Fcategories&post=9142"},{"taxonomy":"post_tag","embeddable":true,"href":"https:\/\/circulorojoslp.com\/index.php?rest_route=%2Fwp%2Fv2%2Ftags&post=9142"}],"curies":[{"name":"wp","href":"https:\/\/api.w.org\/{rel}","templated":true}]}}