{"id":7696,"date":"2019-05-22T09:40:50","date_gmt":"2019-05-22T15:40:50","guid":{"rendered":"http:\/\/circulorojoslp.com\/?p=7696"},"modified":"2019-05-22T09:21:18","modified_gmt":"2019-05-22T15:21:18","slug":"zoe-robledo-sera-el-nuevo-director-del-imss","status":"publish","type":"post","link":"https:\/\/circulorojoslp.com\/?p=7696","title":{"rendered":"ZO\u00c9 ROBLEDO SER\u00c1 EL NUEVO DIRECTOR DEL IMSS"},"content":{"rendered":"<div class=\"field--abstract\">El Presidente revel\u00f3 al sustituto de Germ\u00e1n Mart\u00ednez tras su renuncia a la direcci\u00f3n del Instituto Mexicano del Seguro Social<\/div>\n<div class=\"field--netsonic\">\n<div id=\"netsonic-ad-miniplayer\"><\/div>\n<\/div>\n<div class=\"paragraphs-items paragraphs-items-field-paragraphs paragraphs-items-field-paragraphs-full paragraphs-items-full\">\n<div class=\"ds-1col entity entity-paragraphs-item paragraphs-item-text-paragraph view-mode-full clearfix\">\n<div class=\"field--text\">\n<p>Durante su conferencia de prensa en\u00a0<a href=\"https:\/\/www.google.com.mx\/maps\/place\/Palacio+Nacional\/@19.4324451,-99.1333817,17z\/data=!3m1!4b1!4m5!3m4!1s0x85d1feccd99595f1:0xf7381af53e6dd6fd!8m2!3d19.4324451!4d-99.131193\">Palacio Nacional<\/a>,\u00a0<strong>Andr\u00e9s Manuel L\u00f3pez Obrador<\/strong>\u00a0infomr\u00f3 qui\u00e9n ser\u00e1 el sustituto a la direcci\u00f3n general del\u00a0<strong>Instituto Mexicano del Seguro Social\u00a0<\/strong>(<a href=\"https:\/\/twitter.com\/Tu_IMSS\">IMSS<\/a>) tras la renuncia de\u00a0<strong>Germ\u00e1n Mart\u00ednez<\/strong>.<\/p>\n<p>Luego de ser cuestionado por los reporteros presentes en el evento,<strong>Andr\u00e9s Manuel<\/strong>\u00a0revel\u00f3 que el subsecretario de gobernaci\u00f3n,\u00a0<strong>Zo\u00e9\u00a0Robledo<\/strong>ser\u00eda quien tomar\u00eda la direcci\u00f3n del\u00a0<a href=\"https:\/\/twitter.com\/Tu_IMSS\">IMMS<\/a>.<\/p>\n<div>\n<div id=\"aniBox\">\n<div id=\"aniplayer_aniviewJS058237cc96\">\n<div id=\"aniplayer_aniviewJS058237cc96gui\">\n<div id=\"av-container\" class=\" desktop hide-controls\">\n<div id=\"av-inner\">\n<div id=\"slot\">\n<div id=\"preloader\">&#8220;Va a ser Zo\u00e9, le tengo toda la confianza y en experiencia es un profesional, polit\u00f3logo, fue diputado federal, senador, es subsecretario de gobernaci\u00f3n, progresista y honesto&#8221;, dijo\u00a0<strong>Obrador<\/strong>.<\/div>\n<div>\n<blockquote><p>&#8220;Zo\u00e9\u00a0es uno de los mejores servudores p\u00faiblicos que tenemos, es de lo mejor, por eso lo invit\u00e9 a participar&#8221;, a\u00f1adi\u00f3.<\/p><\/blockquote>\n<p>Sobre la renuncia de\u00a0<strong>Germ\u00e1n Mart\u00ednez<\/strong>\u00a0al\u00a0<a href=\"https:\/\/twitter.com\/Tu_IMSS\">IMSS<\/a>,\u00a0<strong>L\u00f3pez Obrador<\/strong>\u00a0dijo que &#8220;est\u00e1 en su derecho y somos hombres libres&#8221; y dijo que lamentaba la decisi\u00f3n de\u00a0<strong>Mart\u00ednez<\/strong>.<\/p>\n<\/div>\n<\/div>\n<\/div>\n<\/div>\n<\/div>\n<\/div>\n<\/div>\n<\/div>\n<p>&nbsp;<\/p>\n<\/div>\n<\/div>\n<\/div>\n","protected":false},"excerpt":{"rendered":"<p>El Presidente revel\u00f3 al sustituto de Germ\u00e1n Mart\u00ednez tras su renuncia a la direcci\u00f3n del Instituto Mexicano del Seguro Social Durante su conferencia de prensa en\u00a0Palacio Nacional,\u00a0Andr\u00e9s Manuel L\u00f3pez Obrador\u00a0infomr\u00f3 qui\u00e9n ser\u00e1 el sustituto a la direcci\u00f3n general del\u00a0Instituto Mexicano del Seguro Social\u00a0(IMSS) tras la renuncia de\u00a0Germ\u00e1n Mart\u00ednez. Luego de ser cuestionado por los reporteros [&hellip;]<\/p>\n","protected":false},"author":5,"featured_media":7697,"comment_status":"open","ping_status":"open","sticky":false,"template":"","format":"standard","meta":{"footnotes":""},"categories":[3],"tags":[],"class_list":["post-7696","post","type-post","status-publish","format-standard","has-post-thumbnail","hentry","category-nacionales"],"jetpack-related-posts":[],"_links":{"self":[{"href":"https:\/\/circulorojoslp.com\/index.php?rest_route=\/wp\/v2\/posts\/7696"}],"collection":[{"href":"https:\/\/circulorojoslp.com\/index.php?rest_route=\/wp\/v2\/posts"}],"about":[{"href":"https:\/\/circulorojoslp.com\/index.php?rest_route=\/wp\/v2\/types\/post"}],"author":[{"embeddable":true,"href":"https:\/\/circulorojoslp.com\/index.php?rest_route=\/wp\/v2\/users\/5"}],"replies":[{"embeddable":true,"href":"https:\/\/circulorojoslp.com\/index.php?rest_route=%2Fwp%2Fv2%2Fcomments&post=7696"}],"version-history":[{"count":1,"href":"https:\/\/circulorojoslp.com\/index.php?rest_route=\/wp\/v2\/posts\/7696\/revisions"}],"predecessor-version":[{"id":7698,"href":"https:\/\/circulorojoslp.com\/index.php?rest_route=\/wp\/v2\/posts\/7696\/revisions\/7698"}],"wp:featuredmedia":[{"embeddable":true,"href":"https:\/\/circulorojoslp.com\/index.php?rest_route=\/wp\/v2\/media\/7697"}],"wp:attachment":[{"href":"https:\/\/circulorojoslp.com\/index.php?rest_route=%2Fwp%2Fv2%2Fmedia&parent=7696"}],"wp:term":[{"taxonomy":"category","embeddable":true,"href":"https:\/\/circulorojoslp.com\/index.php?rest_route=%2Fwp%2Fv2%2Fcategories&post=7696"},{"taxonomy":"post_tag","embeddable":true,"href":"https:\/\/circulorojoslp.com\/index.php?rest_route=%2Fwp%2Fv2%2Ftags&post=7696"}],"curies":[{"name":"wp","href":"https:\/\/api.w.org\/{rel}","templated":true}]}}