{"id":7388,"date":"2019-05-07T12:55:45","date_gmt":"2019-05-07T18:55:45","guid":{"rendered":"http:\/\/circulorojoslp.com\/?p=7388"},"modified":"2019-05-07T12:55:45","modified_gmt":"2019-05-07T18:55:45","slug":"romero-hicks-propone-mejorar-la-reforma-educativa","status":"publish","type":"post","link":"https:\/\/circulorojoslp.com\/?p=7388","title":{"rendered":"Romero Hicks propone mejorar la Reforma Educativa"},"content":{"rendered":"<p class=\"letter-capitular\">Con 30 votos a favor, 6 en contra y cero abstenciones, la Comisi\u00f3n Permanente aprob\u00f3 convocar a periodo extraordinario a partir del 8 de mayo para discutir una agenda integral, con temas diferentes para ambas c\u00e1maras, sin que se haya fijado fecha de cierre de trabajos.\u00a0Se espera concretar la reforma constitucional en materia educativa.<\/p>\n<p>Luego que la Comisi\u00f3n Permanente aprob\u00f3 convocar a periodo extraordinario a partir del 8 de mayo, el Coordinador de la bancada del PAN en la C\u00e1mara de Diputados, Juan Carlos Romero Hicks dijo esperar que se revise nuevamente y se mejore lo aprobado en cuanto a la Reforma Educativa, al se\u00f1alar que \u201cen democracia siempre se puede mejorar\u201d.<\/p>\n<p>En entrevista con Pascal Beltr\u00e1n del R\u00edo para Imagen Radio, Romero Hicks\u00a0destac\u00f3 \u00a0que \u201cde los temas pendientes que propusimos el PAN, el PRD, Movimiento Ciudadano y el PRI, entre otros, est\u00e1n aspectos que tienen que ver con el proceso de admisi\u00f3n y de promoci\u00f3n, donde tenemos certeza que esto se va a atender de manera seria y que no van a ser criterios de car\u00e1cter sindical los que van a prevalecer\u201d, afirm\u00f3.<\/p>\n<p>Adem\u00e1s, indic\u00f3 que el Art\u00edculo 16 transitorio \u201cque significa la ubicaci\u00f3n del r\u00e9gimen laboral, corre el c de trasladarse a la Ley Burocr\u00e1tica del apartado \u2018B\u2019 del Art\u00edculo 123 (Constitucional). No queremos estructuras clientelares, corruptas, corruptoras ni reg\u00edmenes en donde haya comisiones mixtas en donde el Sindicato imponga sus criterios\u201d.<\/p>\n<p>Al hablar de los pasos siguientes tras la aprobaci\u00f3n del periodo extraordinario, Romero Hicks se\u00f1al\u00f3 que ma\u00f1ana mi\u00e9rcoles \u201ca las 10 de la ma\u00f1ana habr\u00e1 una reuni\u00f3n de congreso General para instalar la sesi\u00f3n de periodo extraordinario. Luego a las 11 (horas) la C\u00e1mara de Diputados instalar\u00e1 su sesi\u00f3n ordinaria y turnar\u00e1 a Comisiones la minuta que nos est\u00e1 regresando el Senado. Tendr\u00e1n que revisarse estrictamente los aspectos que no fueron aprobados. Afortunadamente pudiera abrir la oportunidad para que aspectos de la minuta de origen, la del 25 de abril pudieran ser perfeccionados\u201d, expres\u00f3.<\/p>\n<p>Sobre la amenaza latente de que integrantes de la CNTE intenten impedir los acuerdos sobre la Reforma Educativa, el panista se\u00f1al\u00f3 que \u201clamentablemente la dirigencia sindical de la Coordinadora, sobre todo en Oaxaca, Michoac\u00e1n, Guerrero y Chiapas no han aprendido la lecci\u00f3n. No es mediante el amago y el chantaje como se logran las cosas. Es mediante la raz\u00f3n. Ojal\u00e1 que la humildad prevalezca y sobre todo el inter\u00e9s superior de la ni\u00f1ez y no sus intereses \u201d, enfatiz\u00f3.<\/p>\n","protected":false},"excerpt":{"rendered":"<p>Con 30 votos a favor, 6 en contra y cero abstenciones, la Comisi\u00f3n Permanente aprob\u00f3 convocar a periodo extraordinario a partir del 8 de mayo para discutir una agenda integral, con temas diferentes para ambas c\u00e1maras, sin que se haya fijado fecha de cierre de trabajos.\u00a0Se espera concretar la reforma constitucional en materia educativa. Luego [&hellip;]<\/p>\n","protected":false},"author":5,"featured_media":7389,"comment_status":"open","ping_status":"open","sticky":false,"template":"","format":"standard","meta":{"footnotes":""},"categories":[3],"tags":[],"class_list":["post-7388","post","type-post","status-publish","format-standard","has-post-thumbnail","hentry","category-nacionales"],"jetpack-related-posts":[],"_links":{"self":[{"href":"https:\/\/circulorojoslp.com\/index.php?rest_route=\/wp\/v2\/posts\/7388"}],"collection":[{"href":"https:\/\/circulorojoslp.com\/index.php?rest_route=\/wp\/v2\/posts"}],"about":[{"href":"https:\/\/circulorojoslp.com\/index.php?rest_route=\/wp\/v2\/types\/post"}],"author":[{"embeddable":true,"href":"https:\/\/circulorojoslp.com\/index.php?rest_route=\/wp\/v2\/users\/5"}],"replies":[{"embeddable":true,"href":"https:\/\/circulorojoslp.com\/index.php?rest_route=%2Fwp%2Fv2%2Fcomments&post=7388"}],"version-history":[{"count":1,"href":"https:\/\/circulorojoslp.com\/index.php?rest_route=\/wp\/v2\/posts\/7388\/revisions"}],"predecessor-version":[{"id":7390,"href":"https:\/\/circulorojoslp.com\/index.php?rest_route=\/wp\/v2\/posts\/7388\/revisions\/7390"}],"wp:featuredmedia":[{"embeddable":true,"href":"https:\/\/circulorojoslp.com\/index.php?rest_route=\/wp\/v2\/media\/7389"}],"wp:attachment":[{"href":"https:\/\/circulorojoslp.com\/index.php?rest_route=%2Fwp%2Fv2%2Fmedia&parent=7388"}],"wp:term":[{"taxonomy":"category","embeddable":true,"href":"https:\/\/circulorojoslp.com\/index.php?rest_route=%2Fwp%2Fv2%2Fcategories&post=7388"},{"taxonomy":"post_tag","embeddable":true,"href":"https:\/\/circulorojoslp.com\/index.php?rest_route=%2Fwp%2Fv2%2Ftags&post=7388"}],"curies":[{"name":"wp","href":"https:\/\/api.w.org\/{rel}","templated":true}]}}