{"id":73642,"date":"2026-09-04T23:37:14","date_gmt":"2026-09-05T05:37:14","guid":{"rendered":"https:\/\/circulorojoslp.com\/?p=73642"},"modified":"2026-09-04T23:37:14","modified_gmt":"2026-09-05T05:37:14","slug":"nuestros-hijos-ya-no-tendran-que-estudiar-lejos-familias-celebran-nuevas-aulas-en-valle-de-la-palma","status":"publish","type":"post","link":"https:\/\/circulorojoslp.com\/?p=73642","title":{"rendered":"\u201cNUESTROS HIJOS YA NO TENDR\u00c1N QUE ESTUDIAR LEJOS\u201d: FAMILIAS CELEBRAN NUEVAS AULAS EN VALLE DE LA PALMA"},"content":{"rendered":"<p>La ampliaci\u00f3n de la Secundaria General Valle de la Palma permitir\u00e1 atender la creciente demanda educativa de una zona que contin\u00faa expandi\u00e9ndose y acercar\u00e1 nuevas oportunidades a las familias.<br \/>\n\u201cEstamos muy agradecidos porque nuestros hijos ya tienen una secundaria cerca de casa y ahora habr\u00e1 espacio para que m\u00e1s j\u00f3venes puedan estudiar aqu\u00ed\u201d, coinciden madres de familia, docentes y vecinos de Valle de la Palma, quienes reconocen que la ampliaci\u00f3n de la Secundaria General Valle de la Palma responde a una necesidad que creci\u00f3 junto con la zona y representa menos traslados, tiempo y gastos para las familias.<br \/>\nFlor Mar\u00eda Cano Monreal, madre de familia de segundo grado, destac\u00f3 que durante a\u00f1os los estudiantes ten\u00edan que trasladarse hasta Soledad, La Constancia o Palma de la Cruz para continuar sus estudios. \u201cPara m\u00ed es algo maravilloso, porque desde hace tiempo est\u00e1bamos gestionando que se hiciera una secundaria, s\u00ed necesitamos demasiado el apoyo de las aulas y el techado\u201d, expres\u00f3, al agradecer las acciones impulsadas por el Ayuntamiento de Soledad de Graciano S\u00e1nchez para ampliar las oportunidades educativas de la zona.<br \/>\nPara Erika Amaya Mart\u00ednez, madre de una alumna de segundo C, la llegada de la secundaria ya signific\u00f3 un cambio importante para las familias, pero las nuevas aulas permitir\u00e1n atender una demanda que contin\u00faa creciendo. \u201cNos ayud\u00f3 mucho esta instituci\u00f3n, ya no tenemos que gastar en camiones y es m\u00e1s f\u00e1cil llegar, ahora van a tener otros cuatro salones m\u00e1s y los j\u00f3venes van a estar m\u00e1s a gusto\u201d, se\u00f1al\u00f3, al expresar su agradecimiento al Alcalde Juan Manuel Navarro Mu\u00f1iz por mantener presente a Valle de la Palma, aun cuando se encuentra alejado de la zona urbana.<br \/>\nDesde las aulas, la docente Vanessa Rub\u00ed Leija Guti\u00e9rrez resalt\u00f3 que contar con espacios dignos tambi\u00e9n transforma la experiencia de aprendizaje. \u201cLos alumnos est\u00e1n muy contentos, se encuentran en un ambiente en el que est\u00e1n seguros y tienen un espacio para convivir; ahora que les mencionan que habr\u00e1 nuevas aulas y que van a techar la cancha, est\u00e1n mucho m\u00e1s contentos\u201d, afirm\u00f3. La segunda etapa contempla la construcci\u00f3n de cuatro aulas, con una inversi\u00f3n superior a 5.2 millones de pesos, como parte de la continuidad a la infraestructura que permiti\u00f3 poner en funcionamiento este plantel.<br \/>\nArely Santill\u00e1n Rangel, vecina de la colonia, ha visto esta transformaci\u00f3n desde el inicio: \u201cPrimero tuvimos k\u00ednder, despu\u00e9s tuvimos primaria y hoy ya contamos con la secundaria\u201d; destac\u00f3 que estos espacios tambi\u00e9n generan mayor movimiento y seguridad en la colonia, adem\u00e1s de beneficiar el valor de las viviendas.<br \/>\nFamilias y docentes coincidieron en agradecer al Alcalde Juan Manuel Navarro Mu\u00f1iz por mantener cercan\u00eda con Valle de la Palma y atender sus necesidades; una cercan\u00eda que refleja el cambio que transforma y que busca que las nuevas generaciones tengan educaci\u00f3n de calidad sin alejarse de sus hogares.<\/p>\n","protected":false},"excerpt":{"rendered":"<p>La ampliaci\u00f3n de la Secundaria General Valle de la Palma permitir\u00e1 atender la creciente demanda educativa de una zona que contin\u00faa expandi\u00e9ndose y acercar\u00e1 nuevas oportunidades a las familias. \u201cEstamos muy agradecidos porque nuestros hijos ya tienen una secundaria cerca de casa y ahora habr\u00e1 espacio para que m\u00e1s j\u00f3venes puedan estudiar aqu\u00ed\u201d, coinciden madres [&hellip;]<\/p>\n","protected":false},"author":8,"featured_media":73643,"comment_status":"closed","ping_status":"closed","sticky":false,"template":"","format":"standard","meta":{"footnotes":""},"categories":[42],"tags":[],"class_list":["post-73642","post","type-post","status-publish","format-standard","has-post-thumbnail","hentry","category-soledad"],"jetpack-related-posts":[],"_links":{"self":[{"href":"https:\/\/circulorojoslp.com\/index.php?rest_route=\/wp\/v2\/posts\/73642"}],"collection":[{"href":"https:\/\/circulorojoslp.com\/index.php?rest_route=\/wp\/v2\/posts"}],"about":[{"href":"https:\/\/circulorojoslp.com\/index.php?rest_route=\/wp\/v2\/types\/post"}],"author":[{"embeddable":true,"href":"https:\/\/circulorojoslp.com\/index.php?rest_route=\/wp\/v2\/users\/8"}],"replies":[{"embeddable":true,"href":"https:\/\/circulorojoslp.com\/index.php?rest_route=%2Fwp%2Fv2%2Fcomments&post=73642"}],"version-history":[{"count":0,"href":"https:\/\/circulorojoslp.com\/index.php?rest_route=\/wp\/v2\/posts\/73642\/revisions"}],"wp:featuredmedia":[{"embeddable":true,"href":"https:\/\/circulorojoslp.com\/index.php?rest_route=\/wp\/v2\/media\/73643"}],"wp:attachment":[{"href":"https:\/\/circulorojoslp.com\/index.php?rest_route=%2Fwp%2Fv2%2Fmedia&parent=73642"}],"wp:term":[{"taxonomy":"category","embeddable":true,"href":"https:\/\/circulorojoslp.com\/index.php?rest_route=%2Fwp%2Fv2%2Fcategories&post=73642"},{"taxonomy":"post_tag","embeddable":true,"href":"https:\/\/circulorojoslp.com\/index.php?rest_route=%2Fwp%2Fv2%2Ftags&post=73642"}],"curies":[{"name":"wp","href":"https:\/\/api.w.org\/{rel}","templated":true}]}}