{"id":73620,"date":"2026-09-04T13:43:01","date_gmt":"2026-09-04T19:43:01","guid":{"rendered":"https:\/\/circulorojoslp.com\/?p=73620"},"modified":"2026-09-04T13:43:01","modified_gmt":"2026-09-04T19:43:01","slug":"con-futuro-incierto-obed-no-fue-convocado-por-atletico-ante-bilbao","status":"publish","type":"post","link":"https:\/\/circulorojoslp.com\/?p=73620","title":{"rendered":"Con futuro incierto, Obed no fue convocado por Atl\u00e9tico ante Bilbao"},"content":{"rendered":"<p>Por decisi\u00f3n del t\u00e9cnico Diego Simeone, el mediocampista mexicano qued\u00f3 fuera y seguir\u00e1 sin sumar minutos en esta temporada de LaLiga.<\/p>\n<p>Madrid, 4 sep (EFE).- El Atl\u00e9tico de Madrid viaja a Bilbao para el partido de este s\u00e1bado contra el Athletic Club en San Mam\u00e9s, con una convocatoria de 24 jugadores con Juli\u00e1n \u00c1lvarez, tras la indisposici\u00f3n de la pasada semana y confirmar su continuidad en el equipo, y Jonathan David, fichado el pasado martes en el \u00faltimo d\u00eda del mercado de verano.<br \/>\nMientras regresa el atacante argentino, vuelve Robin Le Normand -cumpli\u00f3 sanci\u00f3n el pasado s\u00e1bado ante el Sevilla por su expulsi\u00f3n con roja directa ante el Villarreal- y se estrena Jonathan David, Diego Simeone mantiene la baja por una lesi\u00f3n muscular de Alexander Sorloth y el descarte por decisi\u00f3n t\u00e9cnica de Obed Vargas, cuyo futuro en el equipo a\u00fan es incierto a falta del cierre de mercado en otras ligas.<br \/>\nSimeone ha convocado a dos jugadores del filial: el defensa Jorge Dom\u00ednguez y el centrocampista Jorge Castillo, que figuran en la lista adem\u00e1s del portero Salvador Esquivel y del defensa Dani Mart\u00ednez, quienes pertenecen ya a todos los efectos al primer equipo del Atl\u00e9tico para esta temporada.<br \/>\nLa convocatoria est\u00e1 compuesta por 24 jugadores: los porteros Jan Oblak, Juan Musso y Salvador Esquivel; los defensas Marcos Llorente, Marc Pubill, Robin Le Normand, David Hancko, Cristian \u2018Cuti\u2019 Romero, Jorge Dom\u00ednguez, Alejandro Grimaldo y Dani Mart\u00ednez; los centrocampistas Pablo Barrios, Koke Resurrecci\u00f3n, Johnny Cardoso, Morten Hjulmand, \u00c1lex Baena, Rodrigo Mendoza y Jorge Castillo; los extremos Giuliano Simeone, Arnau Ortiz y Ademola Lookman; y los atacantes Kang in Lee, Juli\u00e1n Alvarez y Jonathan David.<br \/>\n\u00a0<\/p>\n","protected":false},"excerpt":{"rendered":"<p>Por decisi\u00f3n del t\u00e9cnico Diego Simeone, el mediocampista mexicano qued\u00f3 fuera y seguir\u00e1 sin sumar minutos en esta temporada de LaLiga. Madrid, 4 sep (EFE).- El Atl\u00e9tico de Madrid viaja a Bilbao para el partido de este s\u00e1bado contra el Athletic Club en San Mam\u00e9s, con una convocatoria de 24 jugadores con Juli\u00e1n \u00c1lvarez, tras [&hellip;]<\/p>\n","protected":false},"author":8,"featured_media":73621,"comment_status":"closed","ping_status":"closed","sticky":false,"template":"","format":"standard","meta":{"footnotes":""},"categories":[43],"tags":[],"class_list":["post-73620","post","type-post","status-publish","format-standard","has-post-thumbnail","hentry","category-deportes"],"jetpack-related-posts":[],"_links":{"self":[{"href":"https:\/\/circulorojoslp.com\/index.php?rest_route=\/wp\/v2\/posts\/73620"}],"collection":[{"href":"https:\/\/circulorojoslp.com\/index.php?rest_route=\/wp\/v2\/posts"}],"about":[{"href":"https:\/\/circulorojoslp.com\/index.php?rest_route=\/wp\/v2\/types\/post"}],"author":[{"embeddable":true,"href":"https:\/\/circulorojoslp.com\/index.php?rest_route=\/wp\/v2\/users\/8"}],"replies":[{"embeddable":true,"href":"https:\/\/circulorojoslp.com\/index.php?rest_route=%2Fwp%2Fv2%2Fcomments&post=73620"}],"version-history":[{"count":0,"href":"https:\/\/circulorojoslp.com\/index.php?rest_route=\/wp\/v2\/posts\/73620\/revisions"}],"wp:featuredmedia":[{"embeddable":true,"href":"https:\/\/circulorojoslp.com\/index.php?rest_route=\/wp\/v2\/media\/73621"}],"wp:attachment":[{"href":"https:\/\/circulorojoslp.com\/index.php?rest_route=%2Fwp%2Fv2%2Fmedia&parent=73620"}],"wp:term":[{"taxonomy":"category","embeddable":true,"href":"https:\/\/circulorojoslp.com\/index.php?rest_route=%2Fwp%2Fv2%2Fcategories&post=73620"},{"taxonomy":"post_tag","embeddable":true,"href":"https:\/\/circulorojoslp.com\/index.php?rest_route=%2Fwp%2Fv2%2Ftags&post=73620"}],"curies":[{"name":"wp","href":"https:\/\/api.w.org\/{rel}","templated":true}]}}