{"id":73612,"date":"2026-09-04T13:32:10","date_gmt":"2026-09-04T19:32:10","guid":{"rendered":"https:\/\/circulorojoslp.com\/?p=73612"},"modified":"2026-09-04T13:32:10","modified_gmt":"2026-09-04T19:32:10","slug":"israel-toma-cima-en-libano-y-consolida-zona-de-seguridad","status":"publish","type":"post","link":"https:\/\/circulorojoslp.com\/?p=73612","title":{"rendered":"Israel toma cima en L\u00edbano y \u201cconsolida\u201d zona de seguridad"},"content":{"rendered":"<p>El ministro de Defensa israel\u00ed, Israel Katz, anunci\u00f3 un \u201cpaso importante\u201d en la consolidaci\u00f3n del control militar israel\u00ed sobre el sur del L\u00edbano: la \u201cconquista\u201d de la cresta de Ali Taher.<\/p>\n<p>Israel afirm\u00f3 este viernes (4.09.2026) haber consolidado la \u201czona de seguridad\u201d que ocupa en el sur del L\u00edbano tras tomar una colina que serv\u00eda de posici\u00f3n estrat\u00e9gica al movimiento proiran\u00ed Hezbol\u00e1.<br \/>\n\u201cLos t\u00faneles de Ali Taher serv\u00edan como centro de mando para los ataques contra nuestras fuerzas y la regi\u00f3n de Galilea (norte de Israel), y al mismo tiempo como puesto de mando final para la defensa de la regi\u00f3n de Nabatiye (sur del L\u00edbano), de vital importancia para Hezbol\u00e1; de ah\u00ed su importancia estrat\u00e9gica\u201d, explic\u00f3 el ministro de Defensa israel\u00ed, Israel Katz, en un videocomunicado en hebreo compartido\u00a0con la prensa.<br \/>\nEl ministro a\u00f1adi\u00f3 que la toma de esa cima marca \u201cla culminaci\u00f3n de la fase de consolidaci\u00f3n\u201d del dominio israel\u00ed en la zona, tras la maniobra hacia la l\u00ednea antitanque, la conquista del Beaufort y el afianzamiento de las fuerzas israel\u00edes en las crestas que, seg\u00fan dijo, dominan y protegen a las localidades de Galilea.<br \/>\nKatz a\u00f1adi\u00f3 que el Ej\u00e9rcito completar\u00e1 ahora la neutralizaci\u00f3n de esos t\u00faneles -que ya estar\u00edan \u201climpios de terroristas\u201d- y se organizar\u00e1 t\u00e1cticamente para mantener el control de la cima e impedir que la milicia chi\u00ed vuelva a asentarse en la zona.<br \/>\nAli Taher, de importancia estrat\u00e9gica<br \/>\nSituada a 600 metros de altura y a unos 15 kil\u00f3metros de la frontera con Israel, la cresta de Ali al Taher es de vital importancia estrat\u00e9gica por dar sobre todo el sureste de L\u00edbano.<br \/>\nIsrael ya la control\u00f3 durante su ocupaci\u00f3n del sur liban\u00e9s entre 1978 y 2000, y el 2 de marzo (poco despu\u00e9s del inicio de la actual guerra), sus tropas avanzaron hacia la zona tras hacerse con puntos clave como el hist\u00f3rico castillo de Beaufort.<br \/>\nLa zona conecta adem\u00e1s con Iqlim al Tuffah, otra base log\u00edstica hist\u00f3rica de la milicia chi\u00ed, lo que explica el intenso bombardeo israel\u00ed sobre esa cresta en los \u00faltimos meses.<br \/>\nDe cara a las elecciones israel\u00edes en octubre<br \/>\nLa operaci\u00f3n tiene tambi\u00e9n trasfondo pol\u00edtico: se produce mientras el plan de retirada gradual israel\u00ed del sur de L\u00edbano, ligado al desarme de Hezbol\u00e1, sigue estancado, y de cara a las elecciones israel\u00edes de octubre, en las que una victoria en un hist\u00f3rico basti\u00f3n de la milicia podr\u00eda tener peso electoral.<br \/>\nEn su comunicado de este viernes, el ministro de Defensa israel\u00ed asever\u00f3 una idea con la que el primer ministro, Benjam\u00edn Netanyahu, y el alto mando del Ej\u00e9rcito tambi\u00e9n est\u00e1n de acuerdo: \u201cIsrael no se retirar\u00e1 de la zona de seguridad en L\u00edbano hasta que Hizbul\u00e1 sea desarmada en todo el pa\u00eds y se eliminen las amenazas sobre los habitantes de la Galilea\u201d.<\/p>\n","protected":false},"excerpt":{"rendered":"<p>El ministro de Defensa israel\u00ed, Israel Katz, anunci\u00f3 un \u201cpaso importante\u201d en la consolidaci\u00f3n del control militar israel\u00ed sobre el sur del L\u00edbano: la \u201cconquista\u201d de la cresta de Ali Taher. Israel afirm\u00f3 este viernes (4.09.2026) haber consolidado la \u201czona de seguridad\u201d que ocupa en el sur del L\u00edbano tras tomar una colina que serv\u00eda [&hellip;]<\/p>\n","protected":false},"author":8,"featured_media":73613,"comment_status":"closed","ping_status":"closed","sticky":false,"template":"","format":"standard","meta":{"footnotes":""},"categories":[56],"tags":[],"class_list":["post-73612","post","type-post","status-publish","format-standard","has-post-thumbnail","hentry","category-internacional"],"jetpack-related-posts":[],"_links":{"self":[{"href":"https:\/\/circulorojoslp.com\/index.php?rest_route=\/wp\/v2\/posts\/73612"}],"collection":[{"href":"https:\/\/circulorojoslp.com\/index.php?rest_route=\/wp\/v2\/posts"}],"about":[{"href":"https:\/\/circulorojoslp.com\/index.php?rest_route=\/wp\/v2\/types\/post"}],"author":[{"embeddable":true,"href":"https:\/\/circulorojoslp.com\/index.php?rest_route=\/wp\/v2\/users\/8"}],"replies":[{"embeddable":true,"href":"https:\/\/circulorojoslp.com\/index.php?rest_route=%2Fwp%2Fv2%2Fcomments&post=73612"}],"version-history":[{"count":0,"href":"https:\/\/circulorojoslp.com\/index.php?rest_route=\/wp\/v2\/posts\/73612\/revisions"}],"wp:featuredmedia":[{"embeddable":true,"href":"https:\/\/circulorojoslp.com\/index.php?rest_route=\/wp\/v2\/media\/73613"}],"wp:attachment":[{"href":"https:\/\/circulorojoslp.com\/index.php?rest_route=%2Fwp%2Fv2%2Fmedia&parent=73612"}],"wp:term":[{"taxonomy":"category","embeddable":true,"href":"https:\/\/circulorojoslp.com\/index.php?rest_route=%2Fwp%2Fv2%2Fcategories&post=73612"},{"taxonomy":"post_tag","embeddable":true,"href":"https:\/\/circulorojoslp.com\/index.php?rest_route=%2Fwp%2Fv2%2Ftags&post=73612"}],"curies":[{"name":"wp","href":"https:\/\/api.w.org\/{rel}","templated":true}]}}