{"id":73561,"date":"2026-08-31T21:57:23","date_gmt":"2026-09-01T03:57:23","guid":{"rendered":"https:\/\/circulorojoslp.com\/?p=73561"},"modified":"2026-08-31T21:57:23","modified_gmt":"2026-09-01T03:57:23","slug":"ayuntamiento-de-soledad-cierra-hoy-convocatoria-a-soledense-distinguido","status":"publish","type":"post","link":"https:\/\/circulorojoslp.com\/?p=73561","title":{"rendered":"AYUNTAMIENTO DE SOLEDAD CIERRA HOY CONVOCATORIA A \u201cSOLEDENSE DISTINGUIDO\u201d"},"content":{"rendered":"<p>\u2013 Del 17 al 31 de agosto, se busca reconocer el talento, esfuerzo y compromiso de mujeres y hombres que han dejado huella en la vida del municipio, para ser reconocidos el pr\u00f3ximo 5 de octubre, fecha de la fundaci\u00f3n de Soledad.<br \/>\nEste 31 de agosto vence el plazo para proponer a personas con trayectorias destacadas y merecedoras de recibir el galard\u00f3n a \u201cSoledenses Distinguidos\u201d, convocatoria impulsada por el Ayuntamiento de Soledad de Graciano S\u00e1nchez, a trav\u00e9s de la Direcci\u00f3n de Educaci\u00f3n y Acci\u00f3n C\u00edvica Municipal, con lo que se busca reconocer a quienes, desde distintos \u00e1mbitos como la educaci\u00f3n, deporte, cultura, filantrop\u00eda y otros sectores, han contribuido al desarrollo y bienestar de su comunidad, como parte del cambio que transforma e impulsa el Alcalde Juan Manuel Navarro Mu\u00f1iz.<br \/>\nLas propuestas pueden realizarse mediante el formulario oficial de registro: https:\/\/docs.google.com\/forms\/d\/e\/1FAIpQLSdzhGr7wNkZCTHH7rEX1NG-42GK5\u2013Rk3_ZVfi5gVQ1IhPIug\/viewform, en el que deber\u00e1n integrarse los datos y m\u00e9ritos de la persona postulada; el proceso contempla posteriormente una entrevista para conocer de primera mano su trayectoria, aportaciones e impacto en la comunidad, con el prop\u00f3sito de que el reconocimiento llegue a perfiles cuya historia represente el esfuerzo, compromiso y valores de las y los soledenses.<br \/>\nLa directora de Educaci\u00f3n, Velia Guadalupe Castro Granja destac\u00f3 que esta convocatoria representa una oportunidad para que la propia ciudadan\u00eda ayude a identificar y poner en valor las historias que han dejado huella en Soledad. \u201cQueremos que las y los soledenses sean quienes nos ayuden a reconocer a esas personas que, con su trabajo, talento, servicio y ejemplo, han contribuido a nuestra comunidad; este reconocimiento tambi\u00e9n nos permite acercar esas historias a las nuevas generaciones\u201d, se\u00f1al\u00f3.<br \/>\nCon esta iniciativa, el Ayuntamiento fortalece el orgullo y la identidad soledense, al reconocer p\u00fablicamente a quienes han aportado a la construcci\u00f3n del municipio desde diferentes espacios, impulsado el cambio que permite realzar la contribuci\u00f3n social de las y los habitantes del municipio.<br \/>\nLa premiaci\u00f3n se realizar\u00e1 el 8 de octubre, en el marco del 259 aniversario de la Fundaci\u00f3n de Soledad de Graciano S\u00e1nchez, como parte de una administraci\u00f3n cercana a la poblaci\u00f3n, que escucha, atiende y reconoce a quienes con su esfuerzo contribuyen al cambio que se vive en Soledad.<\/p>\n","protected":false},"excerpt":{"rendered":"<p>\u2013 Del 17 al 31 de agosto, se busca reconocer el talento, esfuerzo y compromiso de mujeres y hombres que han dejado huella en la vida del municipio, para ser reconocidos el pr\u00f3ximo 5 de octubre, fecha de la fundaci\u00f3n de Soledad. Este 31 de agosto vence el plazo para proponer a personas con trayectorias [&hellip;]<\/p>\n","protected":false},"author":8,"featured_media":73562,"comment_status":"closed","ping_status":"closed","sticky":false,"template":"","format":"standard","meta":{"footnotes":""},"categories":[42],"tags":[],"class_list":["post-73561","post","type-post","status-publish","format-standard","has-post-thumbnail","hentry","category-soledad"],"jetpack-related-posts":[],"_links":{"self":[{"href":"https:\/\/circulorojoslp.com\/index.php?rest_route=\/wp\/v2\/posts\/73561"}],"collection":[{"href":"https:\/\/circulorojoslp.com\/index.php?rest_route=\/wp\/v2\/posts"}],"about":[{"href":"https:\/\/circulorojoslp.com\/index.php?rest_route=\/wp\/v2\/types\/post"}],"author":[{"embeddable":true,"href":"https:\/\/circulorojoslp.com\/index.php?rest_route=\/wp\/v2\/users\/8"}],"replies":[{"embeddable":true,"href":"https:\/\/circulorojoslp.com\/index.php?rest_route=%2Fwp%2Fv2%2Fcomments&post=73561"}],"version-history":[{"count":0,"href":"https:\/\/circulorojoslp.com\/index.php?rest_route=\/wp\/v2\/posts\/73561\/revisions"}],"wp:featuredmedia":[{"embeddable":true,"href":"https:\/\/circulorojoslp.com\/index.php?rest_route=\/wp\/v2\/media\/73562"}],"wp:attachment":[{"href":"https:\/\/circulorojoslp.com\/index.php?rest_route=%2Fwp%2Fv2%2Fmedia&parent=73561"}],"wp:term":[{"taxonomy":"category","embeddable":true,"href":"https:\/\/circulorojoslp.com\/index.php?rest_route=%2Fwp%2Fv2%2Fcategories&post=73561"},{"taxonomy":"post_tag","embeddable":true,"href":"https:\/\/circulorojoslp.com\/index.php?rest_route=%2Fwp%2Fv2%2Ftags&post=73561"}],"curies":[{"name":"wp","href":"https:\/\/api.w.org\/{rel}","templated":true}]}}