{"id":73553,"date":"2026-08-31T21:50:25","date_gmt":"2026-09-01T03:50:25","guid":{"rendered":"https:\/\/circulorojoslp.com\/?p=73553"},"modified":"2026-08-31T21:50:25","modified_gmt":"2026-09-01T03:50:25","slug":"feria-del-queso-supera-expectativas-en-villa-de-pozos","status":"publish","type":"post","link":"https:\/\/circulorojoslp.com\/?p=73553","title":{"rendered":"FERIA DEL QUESO SUPERA EXPECTATIVAS EN VILLA DE POZOS"},"content":{"rendered":"<p>-Durante tres d\u00edas, la poblaci\u00f3n pudo degustar y adquirir productos locales y artesanales.<br \/>\nCon productos agotados y un gran ambiente, el Gobierno Municipal de Villa de Pozos concluy\u00f3 con \u00e9xito la primera edici\u00f3n de la Feria del Queso, en la que se cont\u00f3 con la participaci\u00f3n de productores locales y artesanales.<br \/>\nCon la presencia de la presidenta concejal, Paty Aradillas Aradillas se realiz\u00f3 el evento de clausura, en el que se agradeci\u00f3 la participaci\u00f3n de las y los productores, entre ellos L\u00e1cteos Fraga, Quesos Lupita y Quesos Tanque Guerrero, a quienes tambi\u00e9n se les entreg\u00f3 un reconocimiento por su ardua labor en la preparaci\u00f3n y elaboraci\u00f3n de quesos y otros productos derivados de la leche.<br \/>\nLa directora de Desarrollo Ec\u00f3nimo, Erika del Roc\u00edo Ortiz L\u00f3pez, record\u00f3 que la feria estuvo presente en la Plaza Principal de Villa de Pozos, del 28 al 30 de agosto pasado, y en donde se registr\u00f3 la venta total de los productos en sus distintas presentaciones, como queso Oaxaca, queso a\u00f1ejo, queso panela, entre otros.<br \/>\nPor \u00faltimo, reiter\u00f3 que la Feria del Queso se realiz\u00f3 con el objetivo de impulsar a productores locales al brindarles un espacio para exhibir y comercializar su productor, adem\u00e1s de generar oportunidades para contribuir al desarrollo econ\u00f3mico del municipio, por lo que ya se preparan para una segunda edici\u00f3n.<\/p>\n","protected":false},"excerpt":{"rendered":"<p>-Durante tres d\u00edas, la poblaci\u00f3n pudo degustar y adquirir productos locales y artesanales. Con productos agotados y un gran ambiente, el Gobierno Municipal de Villa de Pozos concluy\u00f3 con \u00e9xito la primera edici\u00f3n de la Feria del Queso, en la que se cont\u00f3 con la participaci\u00f3n de productores locales y artesanales. Con la presencia de [&hellip;]<\/p>\n","protected":false},"author":8,"featured_media":73554,"comment_status":"closed","ping_status":"closed","sticky":false,"template":"","format":"standard","meta":{"footnotes":""},"categories":[59],"tags":[],"class_list":["post-73553","post","type-post","status-publish","format-standard","has-post-thumbnail","hentry","category-villadepozos"],"jetpack-related-posts":[],"_links":{"self":[{"href":"https:\/\/circulorojoslp.com\/index.php?rest_route=\/wp\/v2\/posts\/73553"}],"collection":[{"href":"https:\/\/circulorojoslp.com\/index.php?rest_route=\/wp\/v2\/posts"}],"about":[{"href":"https:\/\/circulorojoslp.com\/index.php?rest_route=\/wp\/v2\/types\/post"}],"author":[{"embeddable":true,"href":"https:\/\/circulorojoslp.com\/index.php?rest_route=\/wp\/v2\/users\/8"}],"replies":[{"embeddable":true,"href":"https:\/\/circulorojoslp.com\/index.php?rest_route=%2Fwp%2Fv2%2Fcomments&post=73553"}],"version-history":[{"count":0,"href":"https:\/\/circulorojoslp.com\/index.php?rest_route=\/wp\/v2\/posts\/73553\/revisions"}],"wp:featuredmedia":[{"embeddable":true,"href":"https:\/\/circulorojoslp.com\/index.php?rest_route=\/wp\/v2\/media\/73554"}],"wp:attachment":[{"href":"https:\/\/circulorojoslp.com\/index.php?rest_route=%2Fwp%2Fv2%2Fmedia&parent=73553"}],"wp:term":[{"taxonomy":"category","embeddable":true,"href":"https:\/\/circulorojoslp.com\/index.php?rest_route=%2Fwp%2Fv2%2Fcategories&post=73553"},{"taxonomy":"post_tag","embeddable":true,"href":"https:\/\/circulorojoslp.com\/index.php?rest_route=%2Fwp%2Fv2%2Ftags&post=73553"}],"curies":[{"name":"wp","href":"https:\/\/api.w.org\/{rel}","templated":true}]}}