{"id":73549,"date":"2026-08-31T21:42:37","date_gmt":"2026-09-01T03:42:37","guid":{"rendered":"https:\/\/circulorojoslp.com\/?p=73549"},"modified":"2026-08-31T21:42:37","modified_gmt":"2026-09-01T03:42:37","slug":"villa-de-pozos-concluye-con-exito-su-participacion-en-la-fenapo","status":"publish","type":"post","link":"https:\/\/circulorojoslp.com\/?p=73549","title":{"rendered":"VILLA DE POZOS CONCLUYE CON \u00c9XITO SU PARTICIPACI\u00d3N EN LA FENAPO"},"content":{"rendered":"<p>Durante los 24 d\u00edas de fiesta, se ofreci\u00f3 cultura, historia y gastronom\u00eda a las y los visitantes<br \/>\nEntre historia, cultura y riqueza artesanal y gastron\u00f3mica, el Gobierno Municipal de Villa de Pozos concluy\u00f3 su participaci\u00f3n en la Feria Nacional Potosina (Fenapo) 2026, en donde se cont\u00f3 con espacios en el Pabell\u00f3n Gubernamental y Artesanal.<br \/>\nMiles de asistentes visitaron los espacios de Villa de Pozos donde, con actividades como la Loter\u00eda Poce\u00f1a, pudieron conocer m\u00e1s sobre la historia, cultura y lugares emblem\u00e1ticos del municipio, como la Parroquia San Francisco de As\u00eds, la Iglesia del Panalillo, as\u00ed como la tradicional Procesi\u00f3n de los Cristos.<br \/>\nMientras que en el Pabell\u00f3n Artesanal se pudo disfrutar de los sabores del mezcal en distintas presentaciones y botanas naturales, adem\u00e1s de adquirir productos de talabater\u00eda, como carteras, bolsas y monederos hechos de las manos de artesanos poce\u00f1os.<br \/>\nFinalmente, Villa de Pozos conquist\u00f3 el paladar de miles de cientos de visitantes con su segunda participaci\u00f3n en el D\u00eda de la Garnacha, en donde se pudo disfrutar del sabor de los expertos taqueros de la comunidad de El Panalillo, as\u00ed como el rico estilo de las panader\u00edas representativas de Villa de Pozos.<\/p>\n","protected":false},"excerpt":{"rendered":"<p>Durante los 24 d\u00edas de fiesta, se ofreci\u00f3 cultura, historia y gastronom\u00eda a las y los visitantes Entre historia, cultura y riqueza artesanal y gastron\u00f3mica, el Gobierno Municipal de Villa de Pozos concluy\u00f3 su participaci\u00f3n en la Feria Nacional Potosina (Fenapo) 2026, en donde se cont\u00f3 con espacios en el Pabell\u00f3n Gubernamental y Artesanal. Miles [&hellip;]<\/p>\n","protected":false},"author":8,"featured_media":73550,"comment_status":"closed","ping_status":"closed","sticky":false,"template":"","format":"standard","meta":{"footnotes":""},"categories":[59],"tags":[],"class_list":["post-73549","post","type-post","status-publish","format-standard","has-post-thumbnail","hentry","category-villadepozos"],"jetpack-related-posts":[],"_links":{"self":[{"href":"https:\/\/circulorojoslp.com\/index.php?rest_route=\/wp\/v2\/posts\/73549"}],"collection":[{"href":"https:\/\/circulorojoslp.com\/index.php?rest_route=\/wp\/v2\/posts"}],"about":[{"href":"https:\/\/circulorojoslp.com\/index.php?rest_route=\/wp\/v2\/types\/post"}],"author":[{"embeddable":true,"href":"https:\/\/circulorojoslp.com\/index.php?rest_route=\/wp\/v2\/users\/8"}],"replies":[{"embeddable":true,"href":"https:\/\/circulorojoslp.com\/index.php?rest_route=%2Fwp%2Fv2%2Fcomments&post=73549"}],"version-history":[{"count":0,"href":"https:\/\/circulorojoslp.com\/index.php?rest_route=\/wp\/v2\/posts\/73549\/revisions"}],"wp:featuredmedia":[{"embeddable":true,"href":"https:\/\/circulorojoslp.com\/index.php?rest_route=\/wp\/v2\/media\/73550"}],"wp:attachment":[{"href":"https:\/\/circulorojoslp.com\/index.php?rest_route=%2Fwp%2Fv2%2Fmedia&parent=73549"}],"wp:term":[{"taxonomy":"category","embeddable":true,"href":"https:\/\/circulorojoslp.com\/index.php?rest_route=%2Fwp%2Fv2%2Fcategories&post=73549"},{"taxonomy":"post_tag","embeddable":true,"href":"https:\/\/circulorojoslp.com\/index.php?rest_route=%2Fwp%2Fv2%2Ftags&post=73549"}],"curies":[{"name":"wp","href":"https:\/\/api.w.org\/{rel}","templated":true}]}}