{"id":73497,"date":"2026-08-28T22:31:43","date_gmt":"2026-08-29T04:31:43","guid":{"rendered":"https:\/\/circulorojoslp.com\/?p=73497"},"modified":"2026-08-28T22:31:43","modified_gmt":"2026-08-29T04:31:43","slug":"mas-de-13-mil-estudiantes-de-villa-de-pozos-regresan-a-clases-este-lunes","status":"publish","type":"post","link":"https:\/\/circulorojoslp.com\/?p=73497","title":{"rendered":"M\u00c1S DE 13 MIL ESTUDIANTES DE VILLA DE POZOS REGRESAN A CLASES ESTE LUNES"},"content":{"rendered":"<p>-Ni\u00f1as, ni\u00f1os y adolescentes de educaci\u00f3n b\u00e1sica comienzan un nuevo ciclo escolar este lunes 31 de agosto.<br \/>\nLuego del periodo vacacional, el Gobierno Municipal de Villa de Pozos, a trav\u00e9s de la Direcci\u00f3n de Educaci\u00f3n Municipal, dar\u00e1 la bienvenida de vuelta a las aulas a m\u00e1s de 13 mil ni\u00f1as, ni\u00f1os y adolescente este 31 de agosto con el inicio del ciclo escolar 2026-2027.<br \/>\nEl director de Educaci\u00f3n, Omar Salvador Garc\u00eda Oliveros, les dese\u00f3 \u00e9xito a todas y todos los alumnos de educaci\u00f3n b\u00e1sica que regresar\u00e1n a las escuelas de Villa de Pozos y comenzar\u00e1n una nueva etapa en su formaci\u00f3n acad\u00e9mica.<br \/>\nAsimismo, inform\u00f3 que con el reinicio de las clases tambi\u00e9n se retomar\u00e1n todas las actividades acad\u00e9micas, culturales y deportivas de la Direcci\u00f3n de Educaci\u00f3n para que las y los estudiantes de Villa de Pozos cuenten con un ciclo escolar completo.<br \/>\nPor \u00faltimo, record\u00f3 que durante este periodo vacacional se reforz\u00f3 la seguridad en los per\u00edmetros de los cerca de 100 centros educativos p\u00fablicos con el apoyo de la Guardia Civil Municipal y, a excepci\u00f3n de un incidente en la Escuela Primaria Francisco Gonz\u00e1lez Bocanegra, se registr\u00f3 saldo blanco, con lo que se mantuvieron a salvo las instalaciones educativas.<\/p>\n","protected":false},"excerpt":{"rendered":"<p>-Ni\u00f1as, ni\u00f1os y adolescentes de educaci\u00f3n b\u00e1sica comienzan un nuevo ciclo escolar este lunes 31 de agosto. Luego del periodo vacacional, el Gobierno Municipal de Villa de Pozos, a trav\u00e9s de la Direcci\u00f3n de Educaci\u00f3n Municipal, dar\u00e1 la bienvenida de vuelta a las aulas a m\u00e1s de 13 mil ni\u00f1as, ni\u00f1os y adolescente este 31 [&hellip;]<\/p>\n","protected":false},"author":8,"featured_media":73498,"comment_status":"closed","ping_status":"closed","sticky":false,"template":"","format":"standard","meta":{"footnotes":""},"categories":[59],"tags":[],"class_list":["post-73497","post","type-post","status-publish","format-standard","has-post-thumbnail","hentry","category-villadepozos"],"jetpack-related-posts":[],"_links":{"self":[{"href":"https:\/\/circulorojoslp.com\/index.php?rest_route=\/wp\/v2\/posts\/73497"}],"collection":[{"href":"https:\/\/circulorojoslp.com\/index.php?rest_route=\/wp\/v2\/posts"}],"about":[{"href":"https:\/\/circulorojoslp.com\/index.php?rest_route=\/wp\/v2\/types\/post"}],"author":[{"embeddable":true,"href":"https:\/\/circulorojoslp.com\/index.php?rest_route=\/wp\/v2\/users\/8"}],"replies":[{"embeddable":true,"href":"https:\/\/circulorojoslp.com\/index.php?rest_route=%2Fwp%2Fv2%2Fcomments&post=73497"}],"version-history":[{"count":0,"href":"https:\/\/circulorojoslp.com\/index.php?rest_route=\/wp\/v2\/posts\/73497\/revisions"}],"wp:featuredmedia":[{"embeddable":true,"href":"https:\/\/circulorojoslp.com\/index.php?rest_route=\/wp\/v2\/media\/73498"}],"wp:attachment":[{"href":"https:\/\/circulorojoslp.com\/index.php?rest_route=%2Fwp%2Fv2%2Fmedia&parent=73497"}],"wp:term":[{"taxonomy":"category","embeddable":true,"href":"https:\/\/circulorojoslp.com\/index.php?rest_route=%2Fwp%2Fv2%2Fcategories&post=73497"},{"taxonomy":"post_tag","embeddable":true,"href":"https:\/\/circulorojoslp.com\/index.php?rest_route=%2Fwp%2Fv2%2Ftags&post=73497"}],"curies":[{"name":"wp","href":"https:\/\/api.w.org\/{rel}","templated":true}]}}