{"id":73467,"date":"2026-08-25T20:27:43","date_gmt":"2026-08-26T02:27:43","guid":{"rendered":"https:\/\/circulorojoslp.com\/?p=73467"},"modified":"2026-08-25T20:27:43","modified_gmt":"2026-08-26T02:27:43","slug":"fiscalia-potosina-buscara-imputar-homicidio-a-dos-objetivos-prioritarios-les-ejecuto-una-mandato-judicial","status":"publish","type":"post","link":"https:\/\/circulorojoslp.com\/?p=73467","title":{"rendered":"*FISCAL\u00cdA POTOSINA BUSCAR\u00c1 IMPUTAR HOMICIDIO A DOS OBJETIVOS PRIORITARIOS; LES EJECUT\u00d3 UNA MANDATO JUDICIAL*"},"content":{"rendered":"<p>\u00a0<br \/>\n\u2022 *La Polic\u00eda de Investigaci\u00f3n, al servicio de la sociedad, inform\u00f3 que ambos se\u00f1alados ya se encontraban recluidos en el centro penitenciario de la capital*<br \/>\nLa Fiscal\u00eda General del Estado de San Luis Potos\u00ed (FGESLP) cumpliment\u00f3 una orden de aprehensi\u00f3n en contra de \u00d3scar \u201cN\u201d y \u00c1ngel \u201cN\u201d, por su probable responsabilidad en el delito de homicidio calificado, relacionado con hechos ocurridos en la zona metropolitana.<br \/>\nSeg\u00fan las diligencias de la instituci\u00f3n, ambos se\u00f1alados habr\u00edan participado en una agresi\u00f3n suscitada en el andador Chichen-Itz\u00e1 con disparos de arma de fuego en contra de una persona, quien perdi\u00f3 la vida como consecuencia de las lesiones ocasionadas.<br \/>\nLa Polic\u00eda de Investigaci\u00f3n (PDI) identific\u00f3 a \u00d3scar \u201cN\u201d y \u00c1ngel \u201cN\u201d como objetivos prioritarios, al estar relacionados con este suceso, adem\u00e1s de diversos hechos delictivos, por lo que fueron considerados como presuntos generadores de violencia en la ciudad.<br \/>\nLa orden de aprehensi\u00f3n fue cumplimentada por reclusi\u00f3n, debido a que ambos se\u00f1alados ya se encuentran privados de su libertad en el Centro Estatal de Reinserci\u00f3n Social n\u00famero 1, La Pila, en la ciudad capital, por lo que la Fiscal\u00eda potosina buscar\u00e1 imputarles el delito de homicidio calificado ante la autoridad judicial.<br \/>\nLa Fiscal\u00eda General del Estado de San Luis Potos\u00ed refrend\u00f3 su compromiso de trabajar con probidad, profesionalismo y justicia a favor de las y los potosinos.<br \/>\n\u00a0<\/p>\n","protected":false},"excerpt":{"rendered":"<p>\u00a0 \u2022 *La Polic\u00eda de Investigaci\u00f3n, al servicio de la sociedad, inform\u00f3 que ambos se\u00f1alados ya se encontraban recluidos en el centro penitenciario de la capital* La Fiscal\u00eda General del Estado de San Luis Potos\u00ed (FGESLP) cumpliment\u00f3 una orden de aprehensi\u00f3n en contra de \u00d3scar \u201cN\u201d y \u00c1ngel \u201cN\u201d, por su probable responsabilidad en el [&hellip;]<\/p>\n","protected":false},"author":8,"featured_media":73468,"comment_status":"closed","ping_status":"closed","sticky":false,"template":"","format":"standard","meta":{"footnotes":""},"categories":[57],"tags":[],"class_list":["post-73467","post","type-post","status-publish","format-standard","has-post-thumbnail","hentry","category-nota-roja"],"jetpack-related-posts":[],"_links":{"self":[{"href":"https:\/\/circulorojoslp.com\/index.php?rest_route=\/wp\/v2\/posts\/73467"}],"collection":[{"href":"https:\/\/circulorojoslp.com\/index.php?rest_route=\/wp\/v2\/posts"}],"about":[{"href":"https:\/\/circulorojoslp.com\/index.php?rest_route=\/wp\/v2\/types\/post"}],"author":[{"embeddable":true,"href":"https:\/\/circulorojoslp.com\/index.php?rest_route=\/wp\/v2\/users\/8"}],"replies":[{"embeddable":true,"href":"https:\/\/circulorojoslp.com\/index.php?rest_route=%2Fwp%2Fv2%2Fcomments&post=73467"}],"version-history":[{"count":0,"href":"https:\/\/circulorojoslp.com\/index.php?rest_route=\/wp\/v2\/posts\/73467\/revisions"}],"wp:featuredmedia":[{"embeddable":true,"href":"https:\/\/circulorojoslp.com\/index.php?rest_route=\/wp\/v2\/media\/73468"}],"wp:attachment":[{"href":"https:\/\/circulorojoslp.com\/index.php?rest_route=%2Fwp%2Fv2%2Fmedia&parent=73467"}],"wp:term":[{"taxonomy":"category","embeddable":true,"href":"https:\/\/circulorojoslp.com\/index.php?rest_route=%2Fwp%2Fv2%2Fcategories&post=73467"},{"taxonomy":"post_tag","embeddable":true,"href":"https:\/\/circulorojoslp.com\/index.php?rest_route=%2Fwp%2Fv2%2Ftags&post=73467"}],"curies":[{"name":"wp","href":"https:\/\/api.w.org\/{rel}","templated":true}]}}