{"id":73437,"date":"2026-08-25T19:28:27","date_gmt":"2026-08-26T01:28:27","guid":{"rendered":"https:\/\/circulorojoslp.com\/?p=73437"},"modified":"2026-08-25T19:28:27","modified_gmt":"2026-08-26T01:28:27","slug":"graciela-dominguez-nava-es-la-nueva-gobernadora-interina-de-sinaloa-tras-licencia-indefinida-de-ruben-rocha-moya","status":"publish","type":"post","link":"https:\/\/circulorojoslp.com\/?p=73437","title":{"rendered":"Graciela Dom\u00ednguez Nava es la nueva gobernadora interina de Sinaloa tras licencia indefinida de Rub\u00e9n Rocha Moya"},"content":{"rendered":"<p>El Congreso de Sinaloa aplaz\u00f3 para este martes 25 de agosto la sesi\u00f3n extraordinaria en la que se defini\u00f3 a la persona que asumir\u00e1 de manera interina la gubernatura del estado, luego que Rub\u00e9n Rocha Moya solicitara por segunda ocasi\u00f3n la licencia por tiempo indefinido.<br \/>\nEs Graciela Dom\u00ednguez Nava la designada para este cargo interino como gobernadora de Sinaloa luego de haberse suspendido el d\u00eda de ayer la sesi\u00f3n extraordinaria en el Congreso de Sinaloa sin que se concretara la votaci\u00f3n sobre el relevo en la gubernatura.<br \/>\nCon 31 votos a favor, 6 en contra y cero abstenciones, el Congreso de Sinaloa aprueba el nombramiento de Graciela Dom\u00ednguez como gobernadora interina del estado.<br \/>\nHonorable congreso del Estado, pueblo de Sinaloa, asumo esta responsabilidad con serenidad, con firmeza y con un profundo sentido del deber p\u00fablico.\u00a0Lo hago consciente en el momento en el que vive nuestro estado, de las preocupaciones de nuestra gente, pero tambi\u00e9n de la enorme fuerza que siempre ha distinguido a las y los sinaloenses, convencida de que Sinaloa necesita certezas, necesita instituciones fuertes, un gobierno presente y una sociedad que pueda recuperar la tranquilidad y la confianza.<br \/>\nAs\u00ed fue la elecci\u00f3n<br \/>\nGraciela Dom\u00ednguez Nava asumir\u00e1 la titularidad del Poder Ejecutivo de Sinaloa luego de que el Congreso del Estado aprob\u00f3 su designaci\u00f3n como gobernadora para concluir el actual periodo constitucional.<br \/>\nLa decisi\u00f3n se tom\u00f3 este martes durante una sesi\u00f3n extraordinaria convocada tras la segunda licencia por tiempo indefinido solicitada por Rub\u00e9n Rocha Moya.<br \/>\nEl dictamen recibi\u00f3 31 votos a favor y seis en contra. A la sesi\u00f3n acudieron 36 de los 40 diputados que conforman el Congreso de Sinaloa.<br \/>\nDom\u00ednguez Nava, quien actualmente se encontraba con licencia como diputada federal, deber\u00e1 permanecer al frente del Ejecutivo estatal hasta la conclusi\u00f3n del periodo constitucional, en octubre de 2027, cuando deber\u00e1 entregar el cargo a quien resulte electo en la pr\u00f3xima elecci\u00f3n.<br \/>\nEl nombramiento ocurri\u00f3 despu\u00e9s de un periodo de cambios en el gobierno estatal derivado de la reincorporaci\u00f3n de Rocha Moya al cargo y su posterior solicitud de una nueva licencia.<br \/>\nAs\u00ed se dividieron las posiciones<br \/>\nLa propuesta encontr\u00f3 resistencia entre los grupos parlamentarios de oposici\u00f3n.<br \/>\nLa diputada del PRI Irma Moreno Ovalles se\u00f1al\u00f3 durante el debate que la designaci\u00f3n no debe cerrar la discusi\u00f3n sobre las responsabilidades pol\u00edticas que pudieran derivarse de la administraci\u00f3n de Rocha Moya.<br \/>\nSu postura fue que el nuevo gobierno debe ofrecer certeza institucional y resultados, mientras que el Congreso debe conservar sus facultades para exigir cuentas. La legisladora vot\u00f3 en contra del dictamen.<br \/>\nEn el mismo sentido se manifest\u00f3 Elizabeth Montoya Ojeda, de Movimiento Ciudadano, quien sostuvo que las instituciones deben recuperar la confianza de los ciudadanos. La diputada consider\u00f3 que el Congreso deb\u00eda asumir con seriedad la decisi\u00f3n sobre qui\u00e9n conducir\u00eda el estado y adelant\u00f3 tambi\u00e9n su voto en contra.<br \/>\nEl PAN fij\u00f3 una postura similar. El diputado Jorge Antonio Gonz\u00e1lez Flores cuestion\u00f3 que la discusi\u00f3n pol\u00edtica se concentre en los cambios de funcionarios mientras persisten los problemas que afectan a los ciudadanos.<br \/>\nGonz\u00e1lez Flores se\u00f1al\u00f3 que la persona que asumiera el gobierno deb\u00eda tener capacidad para enfrentar la situaci\u00f3n de seguridad y recuperar la confianza de la poblaci\u00f3n. Tambi\u00e9n pidi\u00f3 que el Ejecutivo respete la divisi\u00f3n de poderes, los organismos aut\u00f3nomos y las obligaciones de transparencia.<br \/>\nEl diputado indic\u00f3 que Acci\u00f3n Nacional ser\u00e1 oposici\u00f3n durante esta etapa, pero que ello no implica buscar que la administraci\u00f3n fracase.<br \/>\nLegisladores destacan experiencia<br \/>\nLos diputados que apoyaron el dictamen centraron sus intervenciones en la trayectoria de Dom\u00ednguez Nava. Aide\u00e9 Corrales Corrales se\u00f1al\u00f3 que la prioridad ante el cambio de gobierno debe ser mantener la continuidad de los programas y garantizar la prestaci\u00f3n de los servicios p\u00fablicos.<br \/>\nDestac\u00f3 que Dom\u00ednguez cuenta con experiencia legislativa y administrativa y que su paso por la Junta de Coordinaci\u00f3n Pol\u00edtica del Congreso le permiti\u00f3 conocer el funcionamiento de las instituciones estatales.<br \/>\nJuana Minerva V\u00e1zquez Gonz\u00e1lez tambi\u00e9n respald\u00f3 la propuesta y destac\u00f3 que el nombramiento contribuye a generar certeza jur\u00eddica ante la nueva situaci\u00f3n del Poder Ejecutivo.<br \/>\nAmbrocio Ch\u00e1vez se sum\u00f3 a las intervenciones a favor de Dom\u00ednguez Nava y respald\u00f3 el dictamen aprobado por el pleno.<br \/>\nHolincer Castro Mara\u00f1\u00f3n se\u00f1al\u00f3 que la nueva gobernadora tiene experiencia dentro del servicio p\u00fablico y conocimiento de las instituciones estatales.<br \/>\nTambi\u00e9n destac\u00f3 su capacidad de di\u00e1logo y consider\u00f3 que ese perfil puede ser \u00fatil para enfrentar los retos que tiene Sinaloa, particularmente en materia de seguridad, econom\u00eda y generaci\u00f3n de empleos.<br \/>\n\u00a0<br \/>\n\u00a0<\/p>\n","protected":false},"excerpt":{"rendered":"<p>El Congreso de Sinaloa aplaz\u00f3 para este martes 25 de agosto la sesi\u00f3n extraordinaria en la que se defini\u00f3 a la persona que asumir\u00e1 de manera interina la gubernatura del estado, luego que Rub\u00e9n Rocha Moya solicitara por segunda ocasi\u00f3n la licencia por tiempo indefinido. Es Graciela Dom\u00ednguez Nava la designada para este cargo interino [&hellip;]<\/p>\n","protected":false},"author":8,"featured_media":73438,"comment_status":"closed","ping_status":"closed","sticky":false,"template":"","format":"standard","meta":{"footnotes":""},"categories":[55],"tags":[],"class_list":["post-73437","post","type-post","status-publish","format-standard","has-post-thumbnail","hentry","category-nacional"],"jetpack-related-posts":[],"_links":{"self":[{"href":"https:\/\/circulorojoslp.com\/index.php?rest_route=\/wp\/v2\/posts\/73437"}],"collection":[{"href":"https:\/\/circulorojoslp.com\/index.php?rest_route=\/wp\/v2\/posts"}],"about":[{"href":"https:\/\/circulorojoslp.com\/index.php?rest_route=\/wp\/v2\/types\/post"}],"author":[{"embeddable":true,"href":"https:\/\/circulorojoslp.com\/index.php?rest_route=\/wp\/v2\/users\/8"}],"replies":[{"embeddable":true,"href":"https:\/\/circulorojoslp.com\/index.php?rest_route=%2Fwp%2Fv2%2Fcomments&post=73437"}],"version-history":[{"count":0,"href":"https:\/\/circulorojoslp.com\/index.php?rest_route=\/wp\/v2\/posts\/73437\/revisions"}],"wp:featuredmedia":[{"embeddable":true,"href":"https:\/\/circulorojoslp.com\/index.php?rest_route=\/wp\/v2\/media\/73438"}],"wp:attachment":[{"href":"https:\/\/circulorojoslp.com\/index.php?rest_route=%2Fwp%2Fv2%2Fmedia&parent=73437"}],"wp:term":[{"taxonomy":"category","embeddable":true,"href":"https:\/\/circulorojoslp.com\/index.php?rest_route=%2Fwp%2Fv2%2Fcategories&post=73437"},{"taxonomy":"post_tag","embeddable":true,"href":"https:\/\/circulorojoslp.com\/index.php?rest_route=%2Fwp%2Fv2%2Ftags&post=73437"}],"curies":[{"name":"wp","href":"https:\/\/api.w.org\/{rel}","templated":true}]}}