{"id":73387,"date":"2026-08-21T23:20:29","date_gmt":"2026-08-22T05:20:29","guid":{"rendered":"https:\/\/circulorojoslp.com\/?p=73387"},"modified":"2026-08-21T23:20:29","modified_gmt":"2026-08-22T05:20:29","slug":"fiscalia-potosina-aclara-que-la-no-localizacion-del-joven-a-n-fue-por-voluntad-propia","status":"publish","type":"post","link":"https:\/\/circulorojoslp.com\/?p=73387","title":{"rendered":"*FISCAL\u00cdA POTOSINA ACLARA QUE LA NO LOCALIZACI\u00d3N DEL JOVEN A. \u201cN\u201d FUE POR VOLUNTAD PROPIA*"},"content":{"rendered":"<p>Tras su localizaci\u00f3n en Jalisco, el joven manifest\u00f3 ante el agente del Ministerio P\u00fablico de la Fiscal\u00eda General del Estado de San Luis Potos\u00ed que su ausencia fue voluntaria y que no fue v\u00edctima de secuestro*<br \/>\nLa Fiscal\u00eda General del Estado de San Luis Potos\u00ed (FGESLP), a trav\u00e9s de la Coordinaci\u00f3n Estatal de Alerta Amber y Personas No Localizadas, informa que, tras ser localizado con vida el joven A. \u201cN\u201d, el pasado 18 de agosto, e informar oportunamente a la ciudadan\u00eda su localizaci\u00f3n, el joven rindi\u00f3 testimonio asegurando que por voluntad propia se ausent\u00f3 de su domicilio y que no sufri\u00f3 ning\u00fan secuestro.<br \/>\nGracias a la colaboraci\u00f3n con Fiscal\u00edas de Estados vecinos, A. \u201cN\u201d fue localizado en el Estado de Jalisco y, una vez trasladado a las instalaciones de esta representaci\u00f3n, compareci\u00f3 ante el Ministerio P\u00fablico, fue entrevistado para esclarecer las circunstancias relacionadas con su ausencia.<br \/>\nDurante su declaraci\u00f3n, el joven manifest\u00f3 que su ausencia fue voluntaria y se\u00f1al\u00f3 de manera expresa que no fue v\u00edctima de secuestro, por lo que algunas versiones que circularon luego de su localizaci\u00f3n sobre una posible privaci\u00f3n de la libertad no corresponden a la realidad.<br \/>\nLa Fiscal\u00eda General del Estado refrenda su compromiso de atender de manera inmediata los reportes de personas no localizadas, privilegiando las acciones de b\u00fasqueda, localizaci\u00f3n y atenci\u00f3n a las familias.<br \/>\nCabe precisar que A. \u201cN\u201d fue reportado por sus familiares como no localizado el pasado 17 de agosto en la capital de este Estado y el 18 de agosto fue localizado con vida y con buen estado de salud en el Estado de Jalisco, para ser trasladado a su lugar de origen y ser entrevistado por esta representaci\u00f3n.<br \/>\nCon probidad, profesionalismo y justicia, la Fiscal\u00eda General del Estado trabaja a favor de las y los potosinos.<br \/>\n\u00a0<\/p>\n","protected":false},"excerpt":{"rendered":"<p>Tras su localizaci\u00f3n en Jalisco, el joven manifest\u00f3 ante el agente del Ministerio P\u00fablico de la Fiscal\u00eda General del Estado de San Luis Potos\u00ed que su ausencia fue voluntaria y que no fue v\u00edctima de secuestro* La Fiscal\u00eda General del Estado de San Luis Potos\u00ed (FGESLP), a trav\u00e9s de la Coordinaci\u00f3n Estatal de Alerta Amber [&hellip;]<\/p>\n","protected":false},"author":8,"featured_media":73388,"comment_status":"closed","ping_status":"closed","sticky":false,"template":"","format":"standard","meta":{"footnotes":""},"categories":[57],"tags":[],"class_list":["post-73387","post","type-post","status-publish","format-standard","has-post-thumbnail","hentry","category-nota-roja"],"jetpack-related-posts":[],"_links":{"self":[{"href":"https:\/\/circulorojoslp.com\/index.php?rest_route=\/wp\/v2\/posts\/73387"}],"collection":[{"href":"https:\/\/circulorojoslp.com\/index.php?rest_route=\/wp\/v2\/posts"}],"about":[{"href":"https:\/\/circulorojoslp.com\/index.php?rest_route=\/wp\/v2\/types\/post"}],"author":[{"embeddable":true,"href":"https:\/\/circulorojoslp.com\/index.php?rest_route=\/wp\/v2\/users\/8"}],"replies":[{"embeddable":true,"href":"https:\/\/circulorojoslp.com\/index.php?rest_route=%2Fwp%2Fv2%2Fcomments&post=73387"}],"version-history":[{"count":0,"href":"https:\/\/circulorojoslp.com\/index.php?rest_route=\/wp\/v2\/posts\/73387\/revisions"}],"wp:featuredmedia":[{"embeddable":true,"href":"https:\/\/circulorojoslp.com\/index.php?rest_route=\/wp\/v2\/media\/73388"}],"wp:attachment":[{"href":"https:\/\/circulorojoslp.com\/index.php?rest_route=%2Fwp%2Fv2%2Fmedia&parent=73387"}],"wp:term":[{"taxonomy":"category","embeddable":true,"href":"https:\/\/circulorojoslp.com\/index.php?rest_route=%2Fwp%2Fv2%2Fcategories&post=73387"},{"taxonomy":"post_tag","embeddable":true,"href":"https:\/\/circulorojoslp.com\/index.php?rest_route=%2Fwp%2Fv2%2Ftags&post=73387"}],"curies":[{"name":"wp","href":"https:\/\/api.w.org\/{rel}","templated":true}]}}