{"id":73377,"date":"2026-08-21T23:08:51","date_gmt":"2026-08-22T05:08:51","guid":{"rendered":"https:\/\/circulorojoslp.com\/?p=73377"},"modified":"2026-08-21T23:08:51","modified_gmt":"2026-08-22T05:08:51","slug":"villa-de-pozos-instala-su-comite-de-proteccion-contra-incendios-forestales","status":"publish","type":"post","link":"https:\/\/circulorojoslp.com\/?p=73377","title":{"rendered":"VILLA DE POZOS INSTALA SU COMIT\u00c9 DE PROTECCI\u00d3N CONTRA INCENDIOS FORESTALES"},"content":{"rendered":"<p>-Con la instalaci\u00f3n de este comit\u00e9 se realizar\u00e1 la capacitaci\u00f3n de comunidades ejidales.<br \/>\nPara anticiparse al riesgo, fortalecer la cultura de la prevenci\u00f3n e implementar pol\u00edticas p\u00fablicas en beneficio de la poblaci\u00f3n y el medio ambiente, el Gobierno Municipal de Villa de Pozos llev\u00f3 a cabo la instalaci\u00f3n del Comit\u00e9 de Protecci\u00f3n contra Incendios Forestales.<br \/>\nEn la sesi\u00f3n, encabezada por la presidenta concejal, Paty Aradillas Ardillas; el director de Protecci\u00f3n Civil Municipal, Miguel \u00c1ngel Llanas Texon, el titular de la Comisi\u00f3n Estatal de Agua, Pascual Mart\u00ednez S\u00e1nchez; y autoridades de la Cruz Roja Mexicana, se realiz\u00f3 la toma de protesta de las personas integrantes del comit\u00e9, quienes formar\u00e1n parte de las brigadas que atender\u00e1n y coordinar\u00e1n labores ante siniestros forestales.<br \/>\nPaty Aradillas indic\u00f3 que los objetivos del Comit\u00e9 son prevenir, coordinar y fortalecer las acciones para reducir el riesgo de incendios forestales, as\u00ed como establecer mecanismos de colaboraci\u00f3n que permitan actuar de manera oportuna ante cualquier emergencia, pues el prop\u00f3sito es proteger los recursos naturales del municipio y evitar que un descuido se convierta en una tragedia.<br \/>\nPor su parte, Llanas Texon indic\u00f3 que este \u00f3rgano colegiado articular\u00e1 de manera t\u00e9cnica los esfuerzos de las dependencias gubernamentales y asambleas ejidales, pues estas no son solo espectadoras, sino aliadas fundamentales y guardianes naturales del territorio claves para el monitoreo preventivo y la detecci\u00f3n temprana de columnas de humo.<br \/>\nPara lograr este prop\u00f3sito, dio a conocer que se fortalecer\u00e1n las capacidades locales al implementar una jornada de capacitaci\u00f3n para las brigadas ejidales, en las que se les instruir\u00e1n sobre el uso correcto de herramientas, t\u00e1cticas de combate de incendios y protocolos de seguridad personal, para que el primer contacto con un siniestro sea seguro, t\u00e9cnico y eficaz.<\/p>\n","protected":false},"excerpt":{"rendered":"<p>-Con la instalaci\u00f3n de este comit\u00e9 se realizar\u00e1 la capacitaci\u00f3n de comunidades ejidales. Para anticiparse al riesgo, fortalecer la cultura de la prevenci\u00f3n e implementar pol\u00edticas p\u00fablicas en beneficio de la poblaci\u00f3n y el medio ambiente, el Gobierno Municipal de Villa de Pozos llev\u00f3 a cabo la instalaci\u00f3n del Comit\u00e9 de Protecci\u00f3n contra Incendios Forestales. [&hellip;]<\/p>\n","protected":false},"author":8,"featured_media":73378,"comment_status":"closed","ping_status":"closed","sticky":false,"template":"","format":"standard","meta":{"footnotes":""},"categories":[59],"tags":[],"class_list":["post-73377","post","type-post","status-publish","format-standard","has-post-thumbnail","hentry","category-villadepozos"],"jetpack-related-posts":[],"_links":{"self":[{"href":"https:\/\/circulorojoslp.com\/index.php?rest_route=\/wp\/v2\/posts\/73377"}],"collection":[{"href":"https:\/\/circulorojoslp.com\/index.php?rest_route=\/wp\/v2\/posts"}],"about":[{"href":"https:\/\/circulorojoslp.com\/index.php?rest_route=\/wp\/v2\/types\/post"}],"author":[{"embeddable":true,"href":"https:\/\/circulorojoslp.com\/index.php?rest_route=\/wp\/v2\/users\/8"}],"replies":[{"embeddable":true,"href":"https:\/\/circulorojoslp.com\/index.php?rest_route=%2Fwp%2Fv2%2Fcomments&post=73377"}],"version-history":[{"count":0,"href":"https:\/\/circulorojoslp.com\/index.php?rest_route=\/wp\/v2\/posts\/73377\/revisions"}],"wp:featuredmedia":[{"embeddable":true,"href":"https:\/\/circulorojoslp.com\/index.php?rest_route=\/wp\/v2\/media\/73378"}],"wp:attachment":[{"href":"https:\/\/circulorojoslp.com\/index.php?rest_route=%2Fwp%2Fv2%2Fmedia&parent=73377"}],"wp:term":[{"taxonomy":"category","embeddable":true,"href":"https:\/\/circulorojoslp.com\/index.php?rest_route=%2Fwp%2Fv2%2Fcategories&post=73377"},{"taxonomy":"post_tag","embeddable":true,"href":"https:\/\/circulorojoslp.com\/index.php?rest_route=%2Fwp%2Fv2%2Ftags&post=73377"}],"curies":[{"name":"wp","href":"https:\/\/api.w.org\/{rel}","templated":true}]}}