{"id":73359,"date":"2026-08-19T23:48:56","date_gmt":"2026-08-20T05:48:56","guid":{"rendered":"https:\/\/circulorojoslp.com\/?p=73359"},"modified":"2026-08-19T23:48:56","modified_gmt":"2026-08-20T05:48:56","slug":"villa-de-pozos-da-nuevas-oportunidades-con-feria-del-empleo","status":"publish","type":"post","link":"https:\/\/circulorojoslp.com\/?p=73359","title":{"rendered":"VILLA DE POZOS DA NUEVAS OPORTUNIDADES CON FERIA DEL EMPLEO"},"content":{"rendered":"<p>Se ofrecen 600 vacantes dirigidas a perfiles profesionales, t\u00e9cnicos, administrativos y operativos.<br \/>\nCon una oferta laboral de m\u00e1s de 600 vacantes, el Gobierno Municipal de Villa de Pozos, en coordinaci\u00f3n con la Secretar\u00eda del Trabajo y Previsi\u00f3n Social, llev\u00f3 a cabo una nueva edici\u00f3n de la Feria Nacional del Empleo en Plaza Las \u00c1guilas, en la colonia Rancho Viejo I, para acercar a las y los poce\u00f1os oportunidades laborales y alternativas para fortalecer su econom\u00eda familiar.<br \/>\nLa presidenta concejal, Paty Aradillas Aradillas, quien encabezo este evento, indic\u00f3 que en esta edici\u00f3n de la Feria del Empleo participan 20 empresas, con una oferta laboral dirigida a distintos perfiles profesionales, t\u00e9cnicos, administrativos y operativos, ampliando las oportunidades de empleo para las y los poce\u00f1os.<br \/>\nRecalc\u00f3 que est\u00e1 jornada tiene un significado especial para aquellas personas que buscan empleo por primera vez, pero tambi\u00e9n para aquellos que desean crecer, cambiar de rumbo o encontrar un espacio en d\u00f3nde su experiencia sea valorada.<br \/>\nReiter\u00f3 que desde el Gobierno Municipal de Villa de Pozos se continuar\u00e1 con el impulso acciones que acerquen oportunidades a la poblaci\u00f3n, que fortalezcan la vinculaci\u00f3n con quienes generan desarrollo y bienestar, pues el compromiso es construir un municipio donde el crecimiento econ\u00f3mico tenga rostro humano.<br \/>\nPor su parte, el secretario de Trabajo y Previsi\u00f3n Social, Cris\u00f3gono S\u00e1nchez Lara, indic\u00f3 que esta Feria del Empleo en Plaza Las \u00c1guilas representa el esfuerzo para que las oportunidades lleguen a la poblaci\u00f3n y que nadie se quede atr\u00e1s por falta de acompa\u00f1amiento.<\/p>\n","protected":false},"excerpt":{"rendered":"<p>Se ofrecen 600 vacantes dirigidas a perfiles profesionales, t\u00e9cnicos, administrativos y operativos. Con una oferta laboral de m\u00e1s de 600 vacantes, el Gobierno Municipal de Villa de Pozos, en coordinaci\u00f3n con la Secretar\u00eda del Trabajo y Previsi\u00f3n Social, llev\u00f3 a cabo una nueva edici\u00f3n de la Feria Nacional del Empleo en Plaza Las \u00c1guilas, en [&hellip;]<\/p>\n","protected":false},"author":8,"featured_media":73360,"comment_status":"closed","ping_status":"closed","sticky":false,"template":"","format":"standard","meta":{"footnotes":""},"categories":[59],"tags":[],"class_list":["post-73359","post","type-post","status-publish","format-standard","has-post-thumbnail","hentry","category-villadepozos"],"jetpack-related-posts":[],"_links":{"self":[{"href":"https:\/\/circulorojoslp.com\/index.php?rest_route=\/wp\/v2\/posts\/73359"}],"collection":[{"href":"https:\/\/circulorojoslp.com\/index.php?rest_route=\/wp\/v2\/posts"}],"about":[{"href":"https:\/\/circulorojoslp.com\/index.php?rest_route=\/wp\/v2\/types\/post"}],"author":[{"embeddable":true,"href":"https:\/\/circulorojoslp.com\/index.php?rest_route=\/wp\/v2\/users\/8"}],"replies":[{"embeddable":true,"href":"https:\/\/circulorojoslp.com\/index.php?rest_route=%2Fwp%2Fv2%2Fcomments&post=73359"}],"version-history":[{"count":0,"href":"https:\/\/circulorojoslp.com\/index.php?rest_route=\/wp\/v2\/posts\/73359\/revisions"}],"wp:featuredmedia":[{"embeddable":true,"href":"https:\/\/circulorojoslp.com\/index.php?rest_route=\/wp\/v2\/media\/73360"}],"wp:attachment":[{"href":"https:\/\/circulorojoslp.com\/index.php?rest_route=%2Fwp%2Fv2%2Fmedia&parent=73359"}],"wp:term":[{"taxonomy":"category","embeddable":true,"href":"https:\/\/circulorojoslp.com\/index.php?rest_route=%2Fwp%2Fv2%2Fcategories&post=73359"},{"taxonomy":"post_tag","embeddable":true,"href":"https:\/\/circulorojoslp.com\/index.php?rest_route=%2Fwp%2Fv2%2Ftags&post=73359"}],"curies":[{"name":"wp","href":"https:\/\/api.w.org\/{rel}","templated":true}]}}