{"id":73303,"date":"2026-08-14T17:53:30","date_gmt":"2026-08-14T23:53:30","guid":{"rendered":"https:\/\/circulorojoslp.com\/?p=73303"},"modified":"2026-08-14T17:53:30","modified_gmt":"2026-08-14T23:53:30","slug":"mbappe-eleva-la-exigencia-en-el-real-madrid-ahora-hay-que-ganar-titulos","status":"publish","type":"post","link":"https:\/\/circulorojoslp.com\/?p=73303","title":{"rendered":"Mbapp\u00e9 eleva la exigencia en el Real Madrid: \u201cAhora hay que ganar t\u00edtulos\u201d"},"content":{"rendered":"<p>Kylian Mbapp\u00e9 afronta su tercera temporada con el Real Madrid con una premisa clara: dejar atr\u00e1s la temporada en blanco y convertir la ilusi\u00f3n renovada del equipo en t\u00edtulos.<br \/>\nEl delantero franc\u00e9s, que se reincorpor\u00f3 a los entrenamientos despu\u00e9s de disputar el Mundial 2026 con su selecci\u00f3n \u2014Francia termin\u00f3 en el cuarto puesto\u2014, asegur\u00f3 sentirse \u201cmuy feliz de volver\u201d y destac\u00f3 sus primeras sensaciones con el nuevo cuerpo t\u00e9cnico encabezado por Jos\u00e9 Mourinho.<br \/>\n\u201cMuy feliz de volver. Feliz por tener la primera sensaci\u00f3n con el equipo y el nuevo cuerpo t\u00e9cnico. Siempre es bueno volver a Valdebebas a jugar y a prepararnos para la siguiente temporada\u201d, afirm\u00f3 Mbapp\u00e9 en una entrevista con los medios del club.<br \/>\nEl franc\u00e9s ya tuvo conversaciones con Mourinho y valor\u00f3 especialmente la experiencia del entrenador portugu\u00e9s, de quien destac\u00f3 su capacidad para competir y ganar.<br \/>\n\u201cHemos hablado mucho durante el Mundial. Pienso que es muy positivo tener un entrenador as\u00ed, que sabe c\u00f3mo ganar y que sabe dar las direcciones para ganar. Los jugadores est\u00e1n encantados de tener un entrenador que sabe d\u00f3nde va\u201d, explic\u00f3.<br \/>\nDespu\u00e9s de un curso sin t\u00edtulos, Mbapp\u00e9 no ocult\u00f3 la ambici\u00f3n con la que el Real Madrid encara la nueva temporada. El atacante incluso fue contundente al hablar de lo que espera del equipo.<br \/>\n\u201cEste a\u00f1o vamos a ganar t\u00edtulos. Estoy seguro de que vamos a volver a hacerlo. Es lo que queremos y eso va a pasar\u201d, asegur\u00f3.<br \/>\nEl franc\u00e9s, adem\u00e1s, insisti\u00f3 en que el objetivo no pasa \u00fanicamente por levantar trofeos, sino tambi\u00e9n por devolverle la alegr\u00eda a la afici\u00f3n madridista.<br \/>\n\u201cEl equipo tiene ganas y vamos a estar concentrados para dar alegr\u00edas a los madridistas. No hay nada m\u00e1s importante que ganar t\u00edtulos con el equipo y dar alegr\u00edas a la afici\u00f3n\u201d, sostuvo.<br \/>\nMbapp\u00e9 tambi\u00e9n record\u00f3 su debut con el Real Madrid, precisamente en una final de la Supercopa de Europa frente al Atalanta. Aquel estreno termin\u00f3 con gol y t\u00edtulo, una combinaci\u00f3n que espera repetir durante su tercera campa\u00f1a en Espa\u00f1a.<br \/>\n\u201cFue muy especial; era una final, con el Madrid, siempre es m\u00e1s m\u00e1gico: un gol, un t\u00edtulo\u201d, record\u00f3.<br \/>\nEl delantero reconoci\u00f3 que sus primeros dos a\u00f1os en Madrid estuvieron marcados por numerosos cambios, pero asegur\u00f3 sentirse plenamente adaptado a su nueva vida.<br \/>\n\u201cEra la primera vez que sal\u00eda de mi pa\u00eds y la experiencia es muy positiva. Me gusta mucho el club, la liga espa\u00f1ola y vivir en Espa\u00f1a. Es muy bueno para un jugador sentirse bien en la ciudad donde vive\u201d, coment\u00f3.<\/p>\n<p>Ahora, con el comienzo de LaLiga cada vez m\u00e1s cerca, Mbapp\u00e9 sabe que el trabajo f\u00edsico ser\u00e1 fundamental para llegar en las mejores condiciones.<br \/>\n\u201cEs el momento de trabajar m\u00e1s. Cuando empiezan los partidos tienes que gestionar m\u00e1s la carga. Es el momento de ir \u2018a full\u2019 y tener sensaciones para estar listos para el inicio de LaLiga\u201d, explic\u00f3.<br \/>\nA pesar de llevar ya dos temporadas en el club, Mbapp\u00e9 asegura que todav\u00eda disfruta de cumplir el sue\u00f1o que tuvo desde ni\u00f1o.<br \/>\n\u201cPara m\u00ed era un sue\u00f1o venir y todav\u00eda lo es. Disfruto el presente y s\u00e9 la suerte de estar aqu\u00ed, pero ahora hay que ganar. Vamos a ganar t\u00edtulos este a\u00f1o\u201d, sentenci\u00f3.<br \/>\nEl mensaje est\u00e1 claro: despu\u00e9s de una temporada sin trofeos, Mbapp\u00e9 asume el desaf\u00edo y coloca al Real Madrid ante una obligaci\u00f3n innegociable: volver a ganar.<\/p>\n","protected":false},"excerpt":{"rendered":"<p>Kylian Mbapp\u00e9 afronta su tercera temporada con el Real Madrid con una premisa clara: dejar atr\u00e1s la temporada en blanco y convertir la ilusi\u00f3n renovada del equipo en t\u00edtulos. El delantero franc\u00e9s, que se reincorpor\u00f3 a los entrenamientos despu\u00e9s de disputar el Mundial 2026 con su selecci\u00f3n \u2014Francia termin\u00f3 en el cuarto puesto\u2014, asegur\u00f3 sentirse [&hellip;]<\/p>\n","protected":false},"author":8,"featured_media":73304,"comment_status":"closed","ping_status":"closed","sticky":false,"template":"","format":"standard","meta":{"footnotes":""},"categories":[43],"tags":[],"class_list":["post-73303","post","type-post","status-publish","format-standard","has-post-thumbnail","hentry","category-deportes"],"jetpack-related-posts":[],"_links":{"self":[{"href":"https:\/\/circulorojoslp.com\/index.php?rest_route=\/wp\/v2\/posts\/73303"}],"collection":[{"href":"https:\/\/circulorojoslp.com\/index.php?rest_route=\/wp\/v2\/posts"}],"about":[{"href":"https:\/\/circulorojoslp.com\/index.php?rest_route=\/wp\/v2\/types\/post"}],"author":[{"embeddable":true,"href":"https:\/\/circulorojoslp.com\/index.php?rest_route=\/wp\/v2\/users\/8"}],"replies":[{"embeddable":true,"href":"https:\/\/circulorojoslp.com\/index.php?rest_route=%2Fwp%2Fv2%2Fcomments&post=73303"}],"version-history":[{"count":0,"href":"https:\/\/circulorojoslp.com\/index.php?rest_route=\/wp\/v2\/posts\/73303\/revisions"}],"wp:featuredmedia":[{"embeddable":true,"href":"https:\/\/circulorojoslp.com\/index.php?rest_route=\/wp\/v2\/media\/73304"}],"wp:attachment":[{"href":"https:\/\/circulorojoslp.com\/index.php?rest_route=%2Fwp%2Fv2%2Fmedia&parent=73303"}],"wp:term":[{"taxonomy":"category","embeddable":true,"href":"https:\/\/circulorojoslp.com\/index.php?rest_route=%2Fwp%2Fv2%2Fcategories&post=73303"},{"taxonomy":"post_tag","embeddable":true,"href":"https:\/\/circulorojoslp.com\/index.php?rest_route=%2Fwp%2Fv2%2Ftags&post=73303"}],"curies":[{"name":"wp","href":"https:\/\/api.w.org\/{rel}","templated":true}]}}