{"id":73215,"date":"2026-08-12T21:52:13","date_gmt":"2026-08-13T03:52:13","guid":{"rendered":"https:\/\/circulorojoslp.com\/?p=73215"},"modified":"2026-08-12T21:52:13","modified_gmt":"2026-08-13T03:52:13","slug":"reforma-a-la-ley-electoral-para-reduccion-de-plazos-de-precampanas","status":"publish","type":"post","link":"https:\/\/circulorojoslp.com\/?p=73215","title":{"rendered":"Reforma a la Ley Electoral para reducci\u00f3n de plazos de precampa\u00f1as"},"content":{"rendered":"<p>En Sesi\u00f3n Extraordinaria, el Congreso del Estado aprob\u00f3 por mayor\u00eda el Decreto que reforma el p\u00e1rrafo primero del art\u00edculo 209, el p\u00e1rrafo primero del art\u00edculo 257, las fracciones I y II del art\u00edculo 319, la fracci\u00f3n I del art\u00edculo 477, y el p\u00e1rrafo segundo del art\u00edculo 481, de la Ley Electoral del Estado de San Luis Potos\u00ed, en materia de reducci\u00f3n de plazos de precampa\u00f1as.<br \/>\n\u00a0<br \/>\nCon la reforma, la pre campa\u00f1a para la gubernatura del estado, pasa de 40 d\u00edas a 20 d\u00edas, en el plazo del 20 de enero al ocho de febrero del a\u00f1o de la elecci\u00f3n; y las pre campa\u00f1as para ayuntamientos y diputaciones locales, pasar\u00e1n de 25 a 20 d\u00edas, a desarrollarse del cuatro al 23 de febrero, del a\u00f1o de la elecci\u00f3n.<br \/>\n\u00a0<br \/>\nPor ello, con eficiencia operativa que aporta un plazo \u00fanico \u0443 uniforme de 20 d\u00edas para el desarrollo de las precampa\u00f1as,\u00a0 se subsanan las discrepancias del esquema vigente al simplificar los periodos de registro de precandidaturas, el monitoreo de medios de comunicaci\u00f3n y el c\u00f3mputo de plazos sancionadores, lo que optimizar\u00e1 la labor del Consejo Estatal Electoral de Participaci\u00f3n Ciudadana (CEEPAC).<br \/>\n\u00a0<br \/>\nAsimismo, en materia de fiscalizaci\u00f3n, la coincidencia temporal de los procesos internos incrementar\u00e1 la eficiencia en la rendici\u00f3n de cuentas, al concentrar las labores de auditor\u00eda e inspecci\u00f3n en un periodo delimitado.<br \/>\n\u00a0<br \/>\nAdem\u00e1s, se incorporan las referencias al inicio del proceso electoral local, el 15 de noviembre del a\u00f1o inmediato anterior al de la elecci\u00f3n, ya que en algunos art\u00edculos se conservaba la fecha anterior, al dos de enero del a\u00f1o de la elecci\u00f3n.<br \/>\n\u00a0<br \/>\nEn su art\u00edculo transitorio segundo, se establece que \u201cEl Consejo Estatal Electoral y de Participaci\u00f3n Ciudadana deber\u00e1 adecuar su normatividad conforme a los par\u00e1metros del presente Decreto, respecto al plazo de precampa\u00f1a para el cargo de gubernatura, diputaciones y ayuntamientos, dentro de los noventa d\u00edas naturales siguientes a la entrada en vigor del Decreto\u201d.<br \/>\n\u00a0<br \/>\nEn la discusi\u00f3n del dictamen, participaron el diputado Jos\u00e9 Roberto Garc\u00eda Castillo en contra y el legislador Marco Antonio Gama Basarte a favor.<br \/>\n\u00a0<br \/>\nACUERDO DE LA CONFERENCIA.<br \/>\n\u00a0<br \/>\nPor acuerdo de las y los integrantes de la Conferencia, se aprob\u00f3 por unanimidad declarar Recinto Oficial, el Auditorio del Palacio de Gobierno sito en Jard\u00edn Hidalgo No. 11, Centro Hist\u00f3rico, San Luis Potos\u00ed, S.L.P., para celebrar Sesi\u00f3n Solemne, el 2 de septiembre de 2026, en el marco de la conmemoraci\u00f3n del \u201c2026, A\u00f1o del Bicentenario de la Promulgaci\u00f3n de la Constituci\u00f3n Pol\u00edtica del Estado Libre y Soberano de San Luis Potos\u00ed\u201d.<br \/>\n\u00a0<br \/>\nTambi\u00e9n se aprob\u00f3 declarar recinto oficial el Teatro de la Paz sito en Calle Viller\u00edas No. 205, Centro Hist\u00f3rico, San Luis Potos\u00ed, S.L.P., para celebrar Sesi\u00f3n Solemne, el 17 de octubre de 2026, en marco de la conmemoraci\u00f3n del \u201c2026, A\u00f1o del Bicentenario de la Promulgaci\u00f3n de la Constituci\u00f3n Pol\u00edtica del Estado Libre y Soberano de San Luis Potos\u00ed\u201d.<br \/>\n\u00a0<br \/>\nEn Asuntos Generales, la diputada Ma. Sara Rocha Medina manifest\u00f3 posicionamiento en relaci\u00f3n a la libertad de expresi\u00f3n en M\u00e9xico.<br \/>\n\u00a0<br \/>\nAgotados los asuntos, se clausur\u00f3 el Periodo Extraordinario No. 10, y se cit\u00f3 a sesi\u00f3n de la Diputaci\u00f3n Permanente el pr\u00f3ximo lunes 17 de agosto de 2026, en el sal\u00f3n Ponciano Arriaga Leija, de Jard\u00edn Hidalgo 19.<\/p>\n","protected":false},"excerpt":{"rendered":"<p>En Sesi\u00f3n Extraordinaria, el Congreso del Estado aprob\u00f3 por mayor\u00eda el Decreto que reforma el p\u00e1rrafo primero del art\u00edculo 209, el p\u00e1rrafo primero del art\u00edculo 257, las fracciones I y II del art\u00edculo 319, la fracci\u00f3n I del art\u00edculo 477, y el p\u00e1rrafo segundo del art\u00edculo 481, de la Ley Electoral del Estado de San [&hellip;]<\/p>\n","protected":false},"author":8,"featured_media":73216,"comment_status":"closed","ping_status":"closed","sticky":false,"template":"","format":"standard","meta":{"footnotes":""},"categories":[53],"tags":[],"class_list":["post-73215","post","type-post","status-publish","format-standard","has-post-thumbnail","hentry","category-congreso"],"jetpack-related-posts":[],"_links":{"self":[{"href":"https:\/\/circulorojoslp.com\/index.php?rest_route=\/wp\/v2\/posts\/73215"}],"collection":[{"href":"https:\/\/circulorojoslp.com\/index.php?rest_route=\/wp\/v2\/posts"}],"about":[{"href":"https:\/\/circulorojoslp.com\/index.php?rest_route=\/wp\/v2\/types\/post"}],"author":[{"embeddable":true,"href":"https:\/\/circulorojoslp.com\/index.php?rest_route=\/wp\/v2\/users\/8"}],"replies":[{"embeddable":true,"href":"https:\/\/circulorojoslp.com\/index.php?rest_route=%2Fwp%2Fv2%2Fcomments&post=73215"}],"version-history":[{"count":0,"href":"https:\/\/circulorojoslp.com\/index.php?rest_route=\/wp\/v2\/posts\/73215\/revisions"}],"wp:featuredmedia":[{"embeddable":true,"href":"https:\/\/circulorojoslp.com\/index.php?rest_route=\/wp\/v2\/media\/73216"}],"wp:attachment":[{"href":"https:\/\/circulorojoslp.com\/index.php?rest_route=%2Fwp%2Fv2%2Fmedia&parent=73215"}],"wp:term":[{"taxonomy":"category","embeddable":true,"href":"https:\/\/circulorojoslp.com\/index.php?rest_route=%2Fwp%2Fv2%2Fcategories&post=73215"},{"taxonomy":"post_tag","embeddable":true,"href":"https:\/\/circulorojoslp.com\/index.php?rest_route=%2Fwp%2Fv2%2Ftags&post=73215"}],"curies":[{"name":"wp","href":"https:\/\/api.w.org\/{rel}","templated":true}]}}