{"id":73213,"date":"2026-08-12T21:47:20","date_gmt":"2026-08-13T03:47:20","guid":{"rendered":"https:\/\/circulorojoslp.com\/?p=73213"},"modified":"2026-08-12T21:47:20","modified_gmt":"2026-08-13T03:47:20","slug":"reforma-constitucional-sobre-requisitos-para-titularidad-de-fge","status":"publish","type":"post","link":"https:\/\/circulorojoslp.com\/?p=73213","title":{"rendered":"Reforma constitucional sobre requisitos para titularidad de FGE."},"content":{"rendered":"<p>El Congreso del Estado aprob\u00f3 por mayor\u00eda en Sesi\u00f3n Extraordinaria, el Decreto que reforma el p\u00e1rrafo tercero y se adiciona a dicho p\u00e1rrafo las fracciones 1, 11, III, IV, V, VI y VII, del art\u00edculo 122 BIS de la Constituci\u00f3n Pol\u00edtica del Estado Libre y Soberano de San Luis Potos\u00ed, en relaci\u00f3n a los requisitos que deber\u00e1 reunir quien aspire a ocupar la titularidad de la Fiscal\u00eda General del Estado.<br \/>\n\u00a0<br \/>\nSe indica que con las reformas constitucionales federales y locales en materia del Poder Judicial, se modific\u00f3 de manera sustancial el modelo de integraci\u00f3n de los \u00f3rganos jurisdiccionales, incorporando mecanismos de elecci\u00f3n popular para las personas juzgadoras y redefiniendo diversos requisitos de elegibilidad para quienes aspiren a desempe\u00f1ar dichos cargos.<br \/>\n\u00a0<br \/>\nEn ese contexto, la reforma judicial puso de manifiesto una situaci\u00f3n que hasta ahora hab\u00eda permanecido inadvertida: el art\u00edculo 122 Bis de la Constituci\u00f3n Pol\u00edtica del Estado Libre y Soberano de San Luis Potos\u00ed establece que la persona titular de la Fiscal\u00eda General deber\u00e1 reunir los requisitos previstos para ocupar una Magistratura del Supremo Tribunal de Justicia del Estado, con ello, se evitaba una repetici\u00f3n de disposiciones constitucionales.<br \/>\n\u00a0<br \/>\nSin embargo, con la modificaci\u00f3n del r\u00e9gimen jur\u00eddico aplicable a las personas juzgadoras, resulta evidente una afectaci\u00f3n al mantener una remisi\u00f3n normativa hacia un cargo cuya regulaci\u00f3n puede ser objeto de reforma por razones completamente ajenas a la organizaci\u00f3n y funcionamiento de la Fiscal\u00eda General.<br \/>\n\u00a0<br \/>\nPor ello, es importante eliminar la remisi\u00f3n al r\u00e9gimen previsto para las Magistraturas del Supremo Tribunal de Justicia, y fortalecer la autonom\u00eda normativa del \u00f3rgano constitucional aut\u00f3nomo y se otorga mayor certeza respecto del marco jur\u00eddico aplicable a su integraci\u00f3n.<br \/>\n\u00a0<br \/>\nDe esta manera, el art\u00edculo 122 Bis establece que la Fiscal\u00eda General del Estado estar\u00e1 a cargo de la o el Fiscal General del Estado, quien durar\u00e1 en su encargo siete a\u00f1os, sin posibilidad de reelecci\u00f3n.<br \/>\n\u00a0<br \/>\nPara ocupar el cargo se requiere: ser persona ciudadana mexicana por nacimiento, en pleno ejercicio de sus derechos civiles y pol\u00edticos; tener cuando menos treinta y cinco a\u00f1os de edad cumplidos el d\u00eda de designaci\u00f3n; contar con t\u00edtulo profesional de licenciatura en Derecho, expedido legalmente, y c\u00e9dula profesional con una antig\u00fcedad m\u00ednima de cinco a\u00f1os.<br \/>\n\u00a0<br \/>\nNo encontrarse en alguno de los siguientes supuestos: haber sido sujeta o sujeto a sentencia condenatoria firme por delitos de violencia familiar o delitos contra las mujeres por raz\u00f3n de g\u00e9nero; haber sido sujeta o sujeto a sentencia condenatoria firme por delitos contra la libertad sexual, la seguridad sexual o el normal desarrollo psicosexual; estar registrada o registrado en el padr\u00f3n de personas deudoras alimentarias morosas; haber sido sancionada o sancionado mediante resoluci\u00f3n firme por la comisi\u00f3n de faltas administrativas graves, emitida por el Tribunal Estatal de Justicia Administrativa o por la autoridad competente en materia de responsabilidades administrativas, ni encontrarse en el registro de personas servidoras p\u00fablicas inhabilitadas del Instituto de Fiscalizaci\u00f3n Superior del Estado o de su hom\u00f3logo federal.<br \/>\n\u00a0<br \/>\nAdem\u00e1s, haber residido en el Estado durante los dos a\u00f1os anteriores al d\u00eda de la designaci\u00f3n; acreditar una trayectoria profesional m\u00ednima de cinco a\u00f1os en el ejercicio de la profesi\u00f3n jur\u00eddica, en actividades relacionadas con procuraci\u00f3n de justicia, litigio, docencia, investigaci\u00f3n jur\u00eddica, servicio p\u00fablico o asesor\u00eda legal; no haber ocupado el cargo de Gobernadora o Gobernador, Diputada o Diputado local, o titular de Presidencia Municipal en el a\u00f1o inmediato anterior al d\u00eda de la designaci\u00f3n, ni haber sido dirigenta o dirigente de partido pol\u00edtico en los tres a\u00f1os previos.<br \/>\n\u00a0<br \/>\nEn su art\u00edculo transitorio tercero, se indica que \u201cLa titular de la Fiscal\u00eda General del Estado de San Luis Potos\u00ed, Mar\u00eda Manuela Garc\u00eda C\u00e1zares que se encuentra en funciones a la entrada en vigor del presente Decreto, continuar\u00e1 en el ejercicio de su encargo, en los t\u00e9rminos previstos en el acto de su toma de protesta e inicio de funciones, sin que las reformas a las condiciones de elegibilidad contempladas en este Decreto le sean aplicables de manera retroactiva o afecten sus derechos adquiridos, garantizando la continuidad institucional del \u00f3rgano aut\u00f3nomo\u201d.<br \/>\n\u00a0<br \/>\nEn la discusi\u00f3n del dictamen, el diputado Emilio Rosas Montiel, a nombre del Grupo Parlamentario de MORENA, se manifest\u00f3 en contra del mismo.<\/p>\n","protected":false},"excerpt":{"rendered":"<p>El Congreso del Estado aprob\u00f3 por mayor\u00eda en Sesi\u00f3n Extraordinaria, el Decreto que reforma el p\u00e1rrafo tercero y se adiciona a dicho p\u00e1rrafo las fracciones 1, 11, III, IV, V, VI y VII, del art\u00edculo 122 BIS de la Constituci\u00f3n Pol\u00edtica del Estado Libre y Soberano de San Luis Potos\u00ed, en relaci\u00f3n a los requisitos [&hellip;]<\/p>\n","protected":false},"author":8,"featured_media":73214,"comment_status":"closed","ping_status":"closed","sticky":false,"template":"","format":"standard","meta":{"footnotes":""},"categories":[53],"tags":[],"class_list":["post-73213","post","type-post","status-publish","format-standard","has-post-thumbnail","hentry","category-congreso"],"jetpack-related-posts":[],"_links":{"self":[{"href":"https:\/\/circulorojoslp.com\/index.php?rest_route=\/wp\/v2\/posts\/73213"}],"collection":[{"href":"https:\/\/circulorojoslp.com\/index.php?rest_route=\/wp\/v2\/posts"}],"about":[{"href":"https:\/\/circulorojoslp.com\/index.php?rest_route=\/wp\/v2\/types\/post"}],"author":[{"embeddable":true,"href":"https:\/\/circulorojoslp.com\/index.php?rest_route=\/wp\/v2\/users\/8"}],"replies":[{"embeddable":true,"href":"https:\/\/circulorojoslp.com\/index.php?rest_route=%2Fwp%2Fv2%2Fcomments&post=73213"}],"version-history":[{"count":0,"href":"https:\/\/circulorojoslp.com\/index.php?rest_route=\/wp\/v2\/posts\/73213\/revisions"}],"wp:featuredmedia":[{"embeddable":true,"href":"https:\/\/circulorojoslp.com\/index.php?rest_route=\/wp\/v2\/media\/73214"}],"wp:attachment":[{"href":"https:\/\/circulorojoslp.com\/index.php?rest_route=%2Fwp%2Fv2%2Fmedia&parent=73213"}],"wp:term":[{"taxonomy":"category","embeddable":true,"href":"https:\/\/circulorojoslp.com\/index.php?rest_route=%2Fwp%2Fv2%2Fcategories&post=73213"},{"taxonomy":"post_tag","embeddable":true,"href":"https:\/\/circulorojoslp.com\/index.php?rest_route=%2Fwp%2Fv2%2Ftags&post=73213"}],"curies":[{"name":"wp","href":"https:\/\/api.w.org\/{rel}","templated":true}]}}