{"id":72469,"date":"2026-06-27T10:11:15","date_gmt":"2026-06-27T16:11:15","guid":{"rendered":"https:\/\/ultimahoraslp.com\/?p=72469"},"modified":"2026-06-27T10:11:15","modified_gmt":"2026-06-27T16:11:15","slug":"fortalecer-derecho-a-la-salud-de-personas-autistas","status":"publish","type":"post","link":"https:\/\/circulorojoslp.com\/?p=72469","title":{"rendered":"Fortalecer derecho a la salud de personas aut\u00edstas."},"content":{"rendered":"<p>Con el fin de fortalecer el derecho a la salud de las personas con la condici\u00f3n del espectro autista, la diputada Roxanna Hern\u00e1ndez Ram\u00edrez propuso una iniciativa de reforma a diversas disposiciones de la Ley de Salud del Estado de San Luis Potos\u00ed.<\/p>\n<p>&nbsp;<\/p>\n<p>Explic\u00f3 que con esta modificaci\u00f3n, se busca responder de mejor manera a las necesidades reales de atenci\u00f3n que enfrentan las personas con la condici\u00f3n de espectro autista a lo largo de su vida, ya que en la pr\u00e1ctica el acceso a los servicios de salud sigue siendo limitado, tard\u00edo y en muchos casos condicionado por estigmas o falta de informaci\u00f3n adecuada dentro de las instituciones.<\/p>\n<p>&nbsp;<\/p>\n<p>De esta manera, se busca establecer puntualmente que las personas con la condici\u00f3n de espectro autista, deber\u00e1n tener acceso a la detecci\u00f3n, diagn\u00f3stico y evaluaci\u00f3n cl\u00ednica en cualquier etapa de la vida, de manera oportuna, precisa, accesible y libre de prejuicios.<\/p>\n<p>&nbsp;<\/p>\n<p>Adem\u00e1s de recibir consultas cl\u00ednicas especializadas, as\u00ed como acceso a terapias de habilitaci\u00f3n y rehabilitaci\u00f3n adecuadas a sus necesidades, con perspectiva de g\u00e9nero; contar con los cuidados apropiados para su salud mental y f\u00edsica, con acceso efectivo a tratamientos y medicamentos de calidad, que les sean administrados de manera oportuna, bajo las medidas y precauciones necesarias, con enfoque diferenciado y perspectiva de g\u00e9nero.<\/p>\n<p>&nbsp;<\/p>\n<p>Se\u00f1ala que uno de los principales problemas que se busca atender con esta iniciativa, es que el diagn\u00f3stico del espectro autista suele concentrarse en la infancia, dejando fuera a adolescentes y personas adultas que no fueron detectadas de manera temprana, lo que genera rezagos importantes en su desarrollo y bienestar. Por ello se propone establecer de forma expresa que la detecci\u00f3n, diagn\u00f3stico y evaluaci\u00f3n cl\u00ednica puedan realizarse en cualquier etapa de la vida, garantizando as\u00ed una atenci\u00f3n m\u00e1s justa, oportuna y sin prejuicios que permita intervenir incluso en etapas posteriores y mejorar la calidad de vida de las personas.<\/p>\n<p>&nbsp;<\/p>\n<p>Asimismo se reconoce la importancia de que los servicios de salud no solo existan sino que sean adecuados a las necesidades espec\u00edficas de cada persona, por lo que se incorpora el acceso a consultas especializadas y a terapias de habilitaci\u00f3n y rehabilitaci\u00f3n con perspectiva de g\u00e9nero, entendiendo que las mujeres dentro del espectro autista enfrentan condiciones distintas de diagn\u00f3stico y atenci\u00f3n; y, se fortalece el derecho a recibir cuidados integrales para la salud mental y f\u00edsica.<\/p>\n<p>&nbsp;<\/p>\n<p>La iniciativa se turn\u00f3 para su an\u00e1lisis a las comisiones de Derechos Humanos; y Salud y Asistencia Social<\/p>\n","protected":false},"excerpt":{"rendered":"<p>Con el fin de fortalecer el derecho a la salud de las personas con la condici\u00f3n del espectro autista, la diputada Roxanna Hern\u00e1ndez Ram\u00edrez propuso una iniciativa de reforma a diversas disposiciones de la Ley de Salud del Estado de San Luis Potos\u00ed. &nbsp; Explic\u00f3 que con esta modificaci\u00f3n, se busca responder de mejor manera [&hellip;]<\/p>\n","protected":false},"author":9,"featured_media":72470,"comment_status":"open","ping_status":"open","sticky":false,"template":"","format":"standard","meta":{"footnotes":""},"categories":[53],"tags":[],"class_list":["post-72469","post","type-post","status-publish","format-standard","has-post-thumbnail","hentry","category-congreso"],"jetpack-related-posts":[],"_links":{"self":[{"href":"https:\/\/circulorojoslp.com\/index.php?rest_route=\/wp\/v2\/posts\/72469"}],"collection":[{"href":"https:\/\/circulorojoslp.com\/index.php?rest_route=\/wp\/v2\/posts"}],"about":[{"href":"https:\/\/circulorojoslp.com\/index.php?rest_route=\/wp\/v2\/types\/post"}],"author":[{"embeddable":true,"href":"https:\/\/circulorojoslp.com\/index.php?rest_route=\/wp\/v2\/users\/9"}],"replies":[{"embeddable":true,"href":"https:\/\/circulorojoslp.com\/index.php?rest_route=%2Fwp%2Fv2%2Fcomments&post=72469"}],"version-history":[{"count":0,"href":"https:\/\/circulorojoslp.com\/index.php?rest_route=\/wp\/v2\/posts\/72469\/revisions"}],"wp:featuredmedia":[{"embeddable":true,"href":"https:\/\/circulorojoslp.com\/index.php?rest_route=\/wp\/v2\/media\/72470"}],"wp:attachment":[{"href":"https:\/\/circulorojoslp.com\/index.php?rest_route=%2Fwp%2Fv2%2Fmedia&parent=72469"}],"wp:term":[{"taxonomy":"category","embeddable":true,"href":"https:\/\/circulorojoslp.com\/index.php?rest_route=%2Fwp%2Fv2%2Fcategories&post=72469"},{"taxonomy":"post_tag","embeddable":true,"href":"https:\/\/circulorojoslp.com\/index.php?rest_route=%2Fwp%2Fv2%2Ftags&post=72469"}],"curies":[{"name":"wp","href":"https:\/\/api.w.org\/{rel}","templated":true}]}}