{"id":72340,"date":"2026-06-19T20:56:01","date_gmt":"2026-06-20T02:56:01","guid":{"rendered":"https:\/\/ultimahoraslp.com\/?p=72340"},"modified":"2026-06-19T20:56:01","modified_gmt":"2026-06-20T02:56:01","slug":"exhorto-a-autoridades-para-mejorar-difusion-de-alerta-amber","status":"publish","type":"post","link":"https:\/\/circulorojoslp.com\/?p=72340","title":{"rendered":"Exhorto a autoridades para mejorar difusi\u00f3n de Alerta Amber."},"content":{"rendered":"<p>Con el fin de fortalecer y garantizar la implementaci\u00f3n de mecanismos de difusi\u00f3n de la Alerta AMBER en el Estado, a propuesta de la diputada Roxanna Hern\u00e1ndez Ram\u00edrez, el Pleno del Congreso del Estado aprob\u00f3 un Punto de Acuerdo para exhortar a diversas autoridades.<\/p>\n<p>&nbsp;<\/p>\n<p>De esta manera, se exhorta respetuosamente a la Agencia de Transformaci\u00f3n Digital y Telecomunicaciones y a la Coordinaci\u00f3n Nacional de Protecci\u00f3n Civil, para que en el marco de sus atribuciones y en coordinaci\u00f3n con la Fiscal\u00eda General del Estado de San Luis Potos\u00ed, promuevan y actualicen los mecanismos tecnol\u00f3gicos necesarios con las diferentes compa\u00f1\u00edas de telefon\u00eda m\u00f3vil, a fin de integrar las incidencias de la Alerta AMBER dentro del Sistema de Alerta de Emergencias bajo la modalidad de Radiodifusi\u00f3n Celular, permitiendo una comunicaci\u00f3n directa, georreferenciada y en tiempo real con la ciudadan\u00eda.<\/p>\n<p>&nbsp;<\/p>\n<p>El prop\u00f3sito es fortalecer la coordinaci\u00f3n con otras instituciones de seguridad y protecci\u00f3n civil, optimizando el flujo de informaci\u00f3n y mejorando la capacidad de respuesta, para tener un sistema de acci\u00f3n y respuesta inmediata, efectiva y que traduzca la solidaridad y empat\u00eda social en acciones concretas de b\u00fasqueda y protecci\u00f3n.<\/p>\n<p>&nbsp;<\/p>\n<p>Se menciona que los criterios para activar la Alerta AMBER M\u00e9xico consisten en, una vez recibido el reporte de la desaparici\u00f3n de una persona menor de 18 a\u00f1os de edad, se realiza la coordinaci\u00f3n inmediata de las autoridades de la entidad en donde ocurri\u00f3 la desaparici\u00f3n y se decide si la estrategia de b\u00fasqueda implicar\u00e1 la activaci\u00f3n de la Alerta o si se realizar\u00e1 por otros mecanismos; previa la activaci\u00f3n, se verifica que la persona desaparecida sea menor de 18 a\u00f1os de edad; se cuente con informaci\u00f3n suficiente de la ni\u00f1a, ni\u00f1o o adolescente y las circunstancias de la desaparici\u00f3n, y que est\u00e9 en inminente peligro de sufrir da\u00f1o grave.<\/p>\n<p>&nbsp;<\/p>\n<p>En la realidad operativa y legal de nuestro pa\u00eds, las acciones de la Alerta AMBER se coordinan estrictamente a trav\u00e9s de un sistema espejo de Fiscal\u00edas, encabezado a nivel federal por la Fiscal\u00eda General de la Rep\u00fablica (FGR).<\/p>\n<p>&nbsp;<\/p>\n<p>El programa es operado centralmente por la FEVIMTRA (Fiscal\u00eda Especializada en Delitos de Violencia contra las Mujeres, Grupos en Situaci\u00f3n de Vulnerabilidad y Trata de Personas) perteneciente a la FGR y cada entidad tiene su propio enlace.<\/p>\n<p>&nbsp;<\/p>\n<p>En el caso de San Luis Potos\u00ed, la Fiscal\u00eda General del Estado es la autoridad \u00fanica responsable de recibir la denuncia, aplicar los criterios del protocolo y ordenar la activaci\u00f3n o desactivaci\u00f3n de la alerta dentro del territorio potosino.<\/p>\n","protected":false},"excerpt":{"rendered":"<p>Con el fin de fortalecer y garantizar la implementaci\u00f3n de mecanismos de difusi\u00f3n de la Alerta AMBER en el Estado, a propuesta de la diputada Roxanna Hern\u00e1ndez Ram\u00edrez, el Pleno del Congreso del Estado aprob\u00f3 un Punto de Acuerdo para exhortar a diversas autoridades. &nbsp; De esta manera, se exhorta respetuosamente a la Agencia de [&hellip;]<\/p>\n","protected":false},"author":9,"featured_media":72341,"comment_status":"open","ping_status":"open","sticky":false,"template":"","format":"standard","meta":{"footnotes":""},"categories":[53],"tags":[],"class_list":["post-72340","post","type-post","status-publish","format-standard","has-post-thumbnail","hentry","category-congreso"],"jetpack-related-posts":[],"_links":{"self":[{"href":"https:\/\/circulorojoslp.com\/index.php?rest_route=\/wp\/v2\/posts\/72340"}],"collection":[{"href":"https:\/\/circulorojoslp.com\/index.php?rest_route=\/wp\/v2\/posts"}],"about":[{"href":"https:\/\/circulorojoslp.com\/index.php?rest_route=\/wp\/v2\/types\/post"}],"author":[{"embeddable":true,"href":"https:\/\/circulorojoslp.com\/index.php?rest_route=\/wp\/v2\/users\/9"}],"replies":[{"embeddable":true,"href":"https:\/\/circulorojoslp.com\/index.php?rest_route=%2Fwp%2Fv2%2Fcomments&post=72340"}],"version-history":[{"count":0,"href":"https:\/\/circulorojoslp.com\/index.php?rest_route=\/wp\/v2\/posts\/72340\/revisions"}],"wp:featuredmedia":[{"embeddable":true,"href":"https:\/\/circulorojoslp.com\/index.php?rest_route=\/wp\/v2\/media\/72341"}],"wp:attachment":[{"href":"https:\/\/circulorojoslp.com\/index.php?rest_route=%2Fwp%2Fv2%2Fmedia&parent=72340"}],"wp:term":[{"taxonomy":"category","embeddable":true,"href":"https:\/\/circulorojoslp.com\/index.php?rest_route=%2Fwp%2Fv2%2Fcategories&post=72340"},{"taxonomy":"post_tag","embeddable":true,"href":"https:\/\/circulorojoslp.com\/index.php?rest_route=%2Fwp%2Fv2%2Ftags&post=72340"}],"curies":[{"name":"wp","href":"https:\/\/api.w.org\/{rel}","templated":true}]}}