{"id":72306,"date":"2026-06-13T16:22:49","date_gmt":"2026-06-13T22:22:49","guid":{"rendered":"https:\/\/ultimahoraslp.com\/?p=72306"},"modified":"2026-06-13T16:22:49","modified_gmt":"2026-06-13T22:22:49","slug":"mejorar-la-revision-de-medidas-de-accesibilidad-en-espacios-publicos","status":"publish","type":"post","link":"https:\/\/circulorojoslp.com\/?p=72306","title":{"rendered":"Mejorar la revisi\u00f3n de medidas de accesibilidad en espacios p\u00fablicos."},"content":{"rendered":"<p>Para fortalecer la accesibilidad mediante la incorporaci\u00f3n de obligaciones espec\u00edficas para la revisi\u00f3n peri\u00f3dica, conservaci\u00f3n y mantenimiento de rampas, accesos adaptados y dem\u00e1s infraestructura destinada a facilitar la movilidad de las personas con discapacidad en los inmuebles p\u00fablicos del Estado y los municipios, la diputada Brisseire S\u00e1nchez L\u00f3pez present\u00f3 una iniciativa de reforma a la Ley para la Inclusi\u00f3n de las Personas con Discapacidad en el Estado y Municipios.<\/p>\n<p>&nbsp;<\/p>\n<p>Consider\u00f3 la legisladora que es una medida para avanzar hacia una sociedad m\u00e1s incluyente, que sirva para eliminar barreras que generan discriminaci\u00f3n indirecta, garantizando condiciones de autonom\u00eda e independencia para las personas con discapacidad, contribuyendo al cumplimiento de los principios de igualdad sustantiva, inclusi\u00f3n y respeto a la dignidad humana.<\/p>\n<p>&nbsp;<\/p>\n<p>Afirm\u00f3 que la accesibilidad es un principio y un derecho fundamental que permite que todas las personas, independientemente de sus capacidades f\u00edsicas, cognitivas o t\u00e9cnicas, puedan acceder y utilizar entornos, servicios y tecnolog\u00edas de manera segura y aut\u00f3noma; este principio es parte del respeto y garant\u00eda de los derechos humanos de las personas con discapacidad constituyendo una obligaci\u00f3n fundamental de todas las autoridades en el \u00e1mbito de sus competencias, para garantizar en todo momento la accesibilidad para las personas.<\/p>\n<p>&nbsp;<\/p>\n<p>La accesibilidad es fundamental para conseguir las condiciones suficientes que permitan a las personas ejercer sus derechos y participar plenamente en la vida social, econ\u00f3mica, pol\u00edtica, cultural y comunitaria en igualdad de condiciones. Ya que no se limita \u00fanicamente a la eliminaci\u00f3n de barreras f\u00edsicas, sino que comprende un conjunto de medidas orientadas a garantizar el acceso seguro, aut\u00f3nomo y digno a bienes, servicios, instalaciones y espacios p\u00fablicos.<\/p>\n<p>&nbsp;<\/p>\n<p>Dentro de las distintas dimensiones de la accesibilidad, se localiza la accesibilidad f\u00edsica, siendo uno de los elementos m\u00e1s importantes para la inclusi\u00f3n efectiva de las personas con discapacidad. Radicando en la existencia de rampas, accesos adaptados y dem\u00e1s infraestructura accesible indispensable para el libre tr\u00e1nsito y la movilidad de miles de personas que diariamente requieren desplazarse para ejercer derechos fundamentales como la educaci\u00f3n, la salud, el trabajo, la participaci\u00f3n ciudadana, el acceso a la justicia o simplemente convivir en sociedad.<\/p>\n<p>&nbsp;<\/p>\n<p>No obstante, expuso la legisladora Brisseire S\u00e1nchez, se llega a presentar que en diversos espacios p\u00fablicos las rampas y dem\u00e1s elementos de accesibilidad presentan deterioro, obstrucciones, pendientes inadecuadas o falta de mantenimiento, circunstancias que limitan su funcionalidad y generan obst\u00e1culos para las personas con discapacidad, las personas adultas mayores, las mujeres embarazadas y cualquier persona con movilidad reducida.<\/p>\n<p>&nbsp;<\/p>\n<p>La sola construcci\u00f3n de infraestructura accesible no garantiza por s\u00ed misma el ejercicio pleno de los derechos. Resulta indispensable establecer mecanismos permanentes de supervisi\u00f3n, evaluaci\u00f3n y mantenimiento que permitan verificar que dichos elementos contin\u00faen siendo funcionales, seguros y adecuados para el prop\u00f3sito para el cual fueron dise\u00f1ados.<\/p>\n<p>&nbsp;<\/p>\n<p>La iniciativa a\u00f1ade que es necesaria la coordinaci\u00f3n con dependencias de la administraci\u00f3n p\u00fablica estatal y de municipios, para que a trav\u00e9s de las autoridades de protecci\u00f3n civil, se realicen inspecciones peri\u00f3dicas de accesibilidad f\u00edsica, procurando condiciones seguras y adecuadas de funcionamiento de rampas y accesos, y \u00e9stas se encuentren libres de obst\u00e1culos.<\/p>\n<p>&nbsp;<\/p>\n<p>Establecer convenios con empresas que cuenten dentro de sus instalaciones con lugares exclusivos de estacionamiento y rampas destinadas a personas con discapacidad, para que estas est\u00e9n en condiciones seguras y \u00f3ptimas de uso, as\u00ed como retirar los veh\u00edculos y objetos que las obstruyan, as\u00ed como sancionar a sus propietarios.<\/p>\n","protected":false},"excerpt":{"rendered":"<p>Para fortalecer la accesibilidad mediante la incorporaci\u00f3n de obligaciones espec\u00edficas para la revisi\u00f3n peri\u00f3dica, conservaci\u00f3n y mantenimiento de rampas, accesos adaptados y dem\u00e1s infraestructura destinada a facilitar la movilidad de las personas con discapacidad en los inmuebles p\u00fablicos del Estado y los municipios, la diputada Brisseire S\u00e1nchez L\u00f3pez present\u00f3 una iniciativa de reforma a la [&hellip;]<\/p>\n","protected":false},"author":9,"featured_media":72307,"comment_status":"open","ping_status":"open","sticky":false,"template":"","format":"standard","meta":{"footnotes":""},"categories":[53],"tags":[],"class_list":["post-72306","post","type-post","status-publish","format-standard","has-post-thumbnail","hentry","category-congreso"],"jetpack-related-posts":[],"_links":{"self":[{"href":"https:\/\/circulorojoslp.com\/index.php?rest_route=\/wp\/v2\/posts\/72306"}],"collection":[{"href":"https:\/\/circulorojoslp.com\/index.php?rest_route=\/wp\/v2\/posts"}],"about":[{"href":"https:\/\/circulorojoslp.com\/index.php?rest_route=\/wp\/v2\/types\/post"}],"author":[{"embeddable":true,"href":"https:\/\/circulorojoslp.com\/index.php?rest_route=\/wp\/v2\/users\/9"}],"replies":[{"embeddable":true,"href":"https:\/\/circulorojoslp.com\/index.php?rest_route=%2Fwp%2Fv2%2Fcomments&post=72306"}],"version-history":[{"count":0,"href":"https:\/\/circulorojoslp.com\/index.php?rest_route=\/wp\/v2\/posts\/72306\/revisions"}],"wp:featuredmedia":[{"embeddable":true,"href":"https:\/\/circulorojoslp.com\/index.php?rest_route=\/wp\/v2\/media\/72307"}],"wp:attachment":[{"href":"https:\/\/circulorojoslp.com\/index.php?rest_route=%2Fwp%2Fv2%2Fmedia&parent=72306"}],"wp:term":[{"taxonomy":"category","embeddable":true,"href":"https:\/\/circulorojoslp.com\/index.php?rest_route=%2Fwp%2Fv2%2Fcategories&post=72306"},{"taxonomy":"post_tag","embeddable":true,"href":"https:\/\/circulorojoslp.com\/index.php?rest_route=%2Fwp%2Fv2%2Ftags&post=72306"}],"curies":[{"name":"wp","href":"https:\/\/api.w.org\/{rel}","templated":true}]}}