{"id":72288,"date":"2026-06-09T16:13:44","date_gmt":"2026-06-09T22:13:44","guid":{"rendered":"https:\/\/ultimahoraslp.com\/?p=72288"},"modified":"2026-06-09T16:13:44","modified_gmt":"2026-06-09T22:13:44","slug":"brindar-a-ninas-ninos-y-adolescentes-acceso-a-internet-seguro","status":"publish","type":"post","link":"https:\/\/circulorojoslp.com\/?p=72288","title":{"rendered":"Brindar a ni\u00f1as, ni\u00f1os y adolescentes acceso a internet seguro"},"content":{"rendered":"<p>En Sesi\u00f3n Ordinaria, el Pleno de la LXIV Legislatura aprob\u00f3 modificaciones a la Ley de los Derechos de Ni\u00f1as, Ni\u00f1os, y Adolescentes del Estado de San Luis Potos\u00ed, para que el derecho de acceso a las tecnolog\u00edas de la informaci\u00f3n y comunicaci\u00f3n, as\u00ed como a los servicios de radiodifusi\u00f3n y telecomunicaciones, incluido el de banda ancha e Internet, sea en un ambiente seguro.<\/p>\n<p>&nbsp;<\/p>\n<p>El Decreto reforma el art\u00edculo 88 y adiciona el art\u00edculo 88 BIS a la Ley de los Derechos de Ni\u00f1as, Ni\u00f1os, y Adolescentes del Estado, establece que en el ejercicio del derecho al acceso a las tecnolog\u00edas de la informaci\u00f3n y comunicaci\u00f3n, as\u00ed como a los servicios de radiodifusi\u00f3n y telecomunicaciones, incluido el de banda ancha e Internet, las autoridades estatales y municipales en el \u00e1mbito de sus respectivas competencias, promover\u00e1n acciones de prevenci\u00f3n y protecci\u00f3n de la dignidad humana, y el libre desarrollo de la personalidad de ni\u00f1as, ni\u00f1os y adolescentes.<\/p>\n<p>&nbsp;<\/p>\n<p>Se indica que los medios tecnol\u00f3gicos deber\u00e1n ser un canal efectivo para que las ni\u00f1as, ni\u00f1os y adolescentes ejerzan su derecho a la informaci\u00f3n, comunicaci\u00f3n, educaci\u00f3n, salud, y no discriminaci\u00f3n, siempre y cuando no afecten su integridad f\u00edsica y emocional, y puedan acceder a contenidos acordes a su grado de desarrollo y madurez.<\/p>\n<p>&nbsp;<\/p>\n<p>Adem\u00e1s, se establece que las ni\u00f1as, ni\u00f1os, y adolescentes mayores de doce a\u00f1os, podr\u00e1n acceder a las redes sociales digitales con el consentimiento y supervisi\u00f3n del padre, madre, o quienes ejerzan la patria potestad, tutela o guarda y custodia, tanto en el proceso de registro a las mismas, como en su uso.<\/p>\n<p>&nbsp;<\/p>\n<p>En su exposici\u00f3n de motivos, se indica que el avance tecnol\u00f3gico tambi\u00e9n ha provocado un incremento en actividades ilegales que se cometen a trav\u00e9s de Internet y del llamado ciberespacio, los cuales pueden generar afectaciones, sobre todo para la vida de las ni\u00f1as, ni\u00f1os y adolescentes, tales como el acoso, hostigamiento sexual, pornograf\u00eda y violaciones a la intimidad, entre otras; por lo que el Estado tiene la obligaci\u00f3n de proteger su integridad.<\/p>\n<p>&nbsp;<\/p>\n<p><strong>Otros dict\u00e1menes <\/strong><\/p>\n<p>&nbsp;<\/p>\n<p>Por unanimidad, se aprob\u00f3 el Decreto que reforma el p\u00e1rrafo segundo del art\u00edculo 31 y la fracci\u00f3n XXXIII del art\u00edculo 57; y se adiciona la fracci\u00f3n XXXIV recorriendo la subsecuente del art\u00edculo 57, de la Ley Org\u00e1nica del Poder Legislativo del Estado de San Luis Potos\u00ed, para un fortalecimiento en la organizaci\u00f3n interna del Poder Legislativo, evitando posibles descoordinaciones administrativas, al establecer facultades de la Conferencia en la determinaci\u00f3n del calendario de labores y asegurar que las decisiones sobre periodos vacacionales sean congruentes con los a\u00f1os legislativos.<\/p>\n<p>&nbsp;<\/p>\n<p>Se aprob\u00f3 el Decreto que reforma las fracciones XXXVI, XXXVII del art\u00edculo 8\u00ba; las fracciones V y VI del art\u00edculo 44 BIS; y adiciona la fracci\u00f3n XXXVIII al art\u00edculo 8\u00ba , y la fracci\u00f3n VII al art\u00edculo 44 BIS de la Ley Ambiental del Estado de San Luis Potos\u00ed, para establecer la facultad de los ayuntamientos de prevenir y coadyuvar en la atenci\u00f3n y combate de incendios forestales dentro de su territorio, en coordinaci\u00f3n con las autoridades competentes, mediante acciones de vigilancia, prevenci\u00f3n y protecci\u00f3n a la poblaci\u00f3n y al medio ambiente.<\/p>\n<p>&nbsp;<\/p>\n<p>Adem\u00e1s, se establece la facultad de la SEGAM de promover ante las autoridades federales\u00a0 la coadyuvancia en la prevenci\u00f3n y combate de incendios forestales, mediante acciones de vigilancia y coordinaci\u00f3n con las autoridades competentes, as\u00ed como la protecci\u00f3n de la poblaci\u00f3n y de los ecosistemas afectados, conforme a la NOM015-SEMARNAT\/AGRICULTURA-2023.<\/p>\n<p>&nbsp;<\/p>\n<p>Se aprob\u00f3 por unanimidad, el Decreto que reforma y adiciona estipulaciones de los art\u00edculos, 17, y 48 del Decreto 0433 que expide la Ley de Ingresos del Municipio de Villa de Pozos, ejercicio fiscal 2026, para eliminar la denominaci\u00f3n de dictamen y establecer en su lugar las Licencias Ambientales, diferenci\u00e1ndolas en bajo impacto, impacto moderado y alto impacto, as\u00ed como separar el procedimiento de Evaluaci\u00f3n de Impacto Ambiental en un apartado distinto y de la misma forma que la licencia diferenciar las tarifas en raz\u00f3n al nivel de impacto.<\/p>\n<p>&nbsp;<\/p>\n<p>Se aprobaron dos exhortos de la LXIV Legislatura a autoridades federales en materia de prevenci\u00f3n de incendios forestales, y fortalecimiento de cercos sanitarios durante temporada de calor.<\/p>\n<p>&nbsp;<\/p>\n<p>A las comisiones legislativas, se turn\u00f3 la correspondencia recibida, as\u00ed como las iniciativas planteadas por las y los integrantes de la LXIV Legislatura, y ciudadanos; as\u00ed como Punto de Acuerdo.<\/p>\n<p>&nbsp;<\/p>\n<p>En Asuntos Generales, participaron: el diputado Cuauhtli Badillo Moreno, en relaci\u00f3n a la defensa de la Soberan\u00eda Nacional y el diputado Carlos Artemio Arreola Mallol en relaci\u00f3n al Foro de Parlamento Abierto \u201cBienestar, Justicia y Protecci\u00f3n Animal\u201d que se realizar\u00e1 este mi\u00e9rcoles 10 de junio a las 13:00 horas en el auditorio Manuel G\u00f3mez Mor\u00edn, de Vallejo 200.<\/p>\n","protected":false},"excerpt":{"rendered":"<p>En Sesi\u00f3n Ordinaria, el Pleno de la LXIV Legislatura aprob\u00f3 modificaciones a la Ley de los Derechos de Ni\u00f1as, Ni\u00f1os, y Adolescentes del Estado de San Luis Potos\u00ed, para que el derecho de acceso a las tecnolog\u00edas de la informaci\u00f3n y comunicaci\u00f3n, as\u00ed como a los servicios de radiodifusi\u00f3n y telecomunicaciones, incluido el de banda [&hellip;]<\/p>\n","protected":false},"author":9,"featured_media":72289,"comment_status":"open","ping_status":"open","sticky":false,"template":"","format":"standard","meta":{"footnotes":""},"categories":[53],"tags":[],"class_list":["post-72288","post","type-post","status-publish","format-standard","has-post-thumbnail","hentry","category-congreso"],"jetpack-related-posts":[],"_links":{"self":[{"href":"https:\/\/circulorojoslp.com\/index.php?rest_route=\/wp\/v2\/posts\/72288"}],"collection":[{"href":"https:\/\/circulorojoslp.com\/index.php?rest_route=\/wp\/v2\/posts"}],"about":[{"href":"https:\/\/circulorojoslp.com\/index.php?rest_route=\/wp\/v2\/types\/post"}],"author":[{"embeddable":true,"href":"https:\/\/circulorojoslp.com\/index.php?rest_route=\/wp\/v2\/users\/9"}],"replies":[{"embeddable":true,"href":"https:\/\/circulorojoslp.com\/index.php?rest_route=%2Fwp%2Fv2%2Fcomments&post=72288"}],"version-history":[{"count":0,"href":"https:\/\/circulorojoslp.com\/index.php?rest_route=\/wp\/v2\/posts\/72288\/revisions"}],"wp:featuredmedia":[{"embeddable":true,"href":"https:\/\/circulorojoslp.com\/index.php?rest_route=\/wp\/v2\/media\/72289"}],"wp:attachment":[{"href":"https:\/\/circulorojoslp.com\/index.php?rest_route=%2Fwp%2Fv2%2Fmedia&parent=72288"}],"wp:term":[{"taxonomy":"category","embeddable":true,"href":"https:\/\/circulorojoslp.com\/index.php?rest_route=%2Fwp%2Fv2%2Fcategories&post=72288"},{"taxonomy":"post_tag","embeddable":true,"href":"https:\/\/circulorojoslp.com\/index.php?rest_route=%2Fwp%2Fv2%2Ftags&post=72288"}],"curies":[{"name":"wp","href":"https:\/\/api.w.org\/{rel}","templated":true}]}}