{"id":72267,"date":"2026-06-05T15:52:14","date_gmt":"2026-06-05T21:52:14","guid":{"rendered":"https:\/\/ultimahoraslp.com\/?p=72267"},"modified":"2026-06-05T15:52:14","modified_gmt":"2026-06-05T21:52:14","slug":"impulso-a-reformas-para-atencion-a-personas-con-espectro-autista","status":"publish","type":"post","link":"https:\/\/circulorojoslp.com\/?p=72267","title":{"rendered":"Impulso a reformas para atenci\u00f3n a personas con espectro autista."},"content":{"rendered":"<p>El Congreso del Estado mantiene las mesas de trabajo para analizar y consolidar reformas a la Ley para la Atenci\u00f3n y Protecci\u00f3n de las Personas con la Condici\u00f3n del Espectro Autista, inform\u00f3 el diputado Luis Felipe Castro Barr\u00f3n.<\/p>\n<p>&nbsp;<\/p>\n<p>El objetivo es fortalecer la inclusi\u00f3n de este sector de la poblaci\u00f3n en los \u00e1mbitos educativo, laboral y social, adem\u00e1s de impulsar una mayor participaci\u00f3n de los ayuntamientos en las pol\u00edticas p\u00fablicas dirigidas a su atenci\u00f3n.<\/p>\n<p>&nbsp;<\/p>\n<p>En reuni\u00f3n con representantes de organizaciones, asociaciones y padres de familia que atienden a personas con condici\u00f3n del espectro autista, el diputado Castro Barr\u00f3n, destac\u00f3 la importancia de generar el respaldo a este sector desde el Congreso del Estado para llevar a cabo el proceso de construcci\u00f3n de una propuesta legislativa integral.<\/p>\n<p>&nbsp;<\/p>\n<p>Se\u00f1al\u00f3 que entre los principales cambios se encuentran: La promoci\u00f3n de mecanismos que faciliten el acceso al empleo y a la educaci\u00f3n, as\u00ed como la ampliaci\u00f3n de los procesos de diagn\u00f3stico para todas las etapas de la vida, incluyendo adolescentes y personas adultas, ya que actualmente la legislaci\u00f3n se enfoca principalmente en la atenci\u00f3n de menores de edad.<\/p>\n<p>&nbsp;<\/p>\n<p>Expuso que \u201cel objetivo es generar condiciones que permitan a las personas con condici\u00f3n del espectro autista desarrollar una vida independiente, dejando atr\u00e1s modelos asistencialistas y avanzando hacia una inclusi\u00f3n efectiva que les permita participar activamente en la sociedad y en la econom\u00eda\u201d.<\/p>\n<p>&nbsp;<\/p>\n<p>Indic\u00f3 que se analiza la creaci\u00f3n de un padr\u00f3n estatal que permita conocer con mayor precisi\u00f3n cu\u00e1ntas personas viven con esta condici\u00f3n en San Luis Potos\u00ed, informaci\u00f3n que servir\u00e1 de base para dise\u00f1ar pol\u00edticas p\u00fablicas m\u00e1s eficientes, medir su impacto y planear adecuadamente los recursos presupuestales destinados a su atenci\u00f3n.<\/p>\n<p>&nbsp;<\/p>\n<p>Destac\u00f3 la importancia de fortalecer la corresponsabilidad de los gobiernos municipales en esta materia, de manera que las acciones de apoyo e inclusi\u00f3n no recaigan \u00fanicamente en el Gobierno del Estado, sino que cada ayuntamiento participe activamente en la atenci\u00f3n de las necesidades de las personas con discapacidad.<\/p>\n<p>&nbsp;<\/p>\n<p>Puntualiz\u00f3 que los trabajos t\u00e9cnicos de la iniciativa se encuentran pr\u00e1cticamente concluidos y se prev\u00e9 que la propuesta sea presentada ante la Oficial\u00eda de Partes, con la expectativa de que pueda ser enviada al Pleno del Congreso del Estado para ser turnada a las comisiones legislativas correspondientes.<\/p>\n","protected":false},"excerpt":{"rendered":"<p>El Congreso del Estado mantiene las mesas de trabajo para analizar y consolidar reformas a la Ley para la Atenci\u00f3n y Protecci\u00f3n de las Personas con la Condici\u00f3n del Espectro Autista, inform\u00f3 el diputado Luis Felipe Castro Barr\u00f3n. &nbsp; El objetivo es fortalecer la inclusi\u00f3n de este sector de la poblaci\u00f3n en los \u00e1mbitos educativo, [&hellip;]<\/p>\n","protected":false},"author":9,"featured_media":72268,"comment_status":"open","ping_status":"open","sticky":false,"template":"","format":"standard","meta":{"footnotes":""},"categories":[53],"tags":[],"class_list":["post-72267","post","type-post","status-publish","format-standard","has-post-thumbnail","hentry","category-congreso"],"jetpack-related-posts":[],"_links":{"self":[{"href":"https:\/\/circulorojoslp.com\/index.php?rest_route=\/wp\/v2\/posts\/72267"}],"collection":[{"href":"https:\/\/circulorojoslp.com\/index.php?rest_route=\/wp\/v2\/posts"}],"about":[{"href":"https:\/\/circulorojoslp.com\/index.php?rest_route=\/wp\/v2\/types\/post"}],"author":[{"embeddable":true,"href":"https:\/\/circulorojoslp.com\/index.php?rest_route=\/wp\/v2\/users\/9"}],"replies":[{"embeddable":true,"href":"https:\/\/circulorojoslp.com\/index.php?rest_route=%2Fwp%2Fv2%2Fcomments&post=72267"}],"version-history":[{"count":0,"href":"https:\/\/circulorojoslp.com\/index.php?rest_route=\/wp\/v2\/posts\/72267\/revisions"}],"wp:featuredmedia":[{"embeddable":true,"href":"https:\/\/circulorojoslp.com\/index.php?rest_route=\/wp\/v2\/media\/72268"}],"wp:attachment":[{"href":"https:\/\/circulorojoslp.com\/index.php?rest_route=%2Fwp%2Fv2%2Fmedia&parent=72267"}],"wp:term":[{"taxonomy":"category","embeddable":true,"href":"https:\/\/circulorojoslp.com\/index.php?rest_route=%2Fwp%2Fv2%2Fcategories&post=72267"},{"taxonomy":"post_tag","embeddable":true,"href":"https:\/\/circulorojoslp.com\/index.php?rest_route=%2Fwp%2Fv2%2Ftags&post=72267"}],"curies":[{"name":"wp","href":"https:\/\/api.w.org\/{rel}","templated":true}]}}