{"id":72264,"date":"2026-06-05T15:48:56","date_gmt":"2026-06-05T21:48:56","guid":{"rendered":"https:\/\/ultimahoraslp.com\/?p=72264"},"modified":"2026-06-05T15:48:56","modified_gmt":"2026-06-05T21:48:56","slug":"mesa-de-trabajo-institucional-para-reforma-electoral","status":"publish","type":"post","link":"https:\/\/circulorojoslp.com\/?p=72264","title":{"rendered":"Mesa de trabajo institucional para reforma electoral."},"content":{"rendered":"<p>El Congreso del Estado llev\u00f3 a cabo una mesa de trabajo institucional para avanzar en el an\u00e1lisis de la reforma electoral que se conforma con propuesta de los grupos y representaciones parlamentarias, la cual ser\u00e1 aprobada antes de que concluya el actual periodo ordinario de sesiones, inform\u00f3 el diputado H\u00e9ctor Serrano Cort\u00e9s.<\/p>\n<p>&nbsp;<\/p>\n<p>Se dio a conocer por parte del Instituto Nacional Electoral (INE) y el Consejo Estatal Electoral y de Participaci\u00f3n Ciudadana (INE), que el pr\u00f3ximo a\u00f1o el municipio de Villa de Pozos tendr\u00e1 elecciones porque se ha generado ya las condiciones para ello, con la participaci\u00f3n de m\u00e1s de 105 mil ciudadanas y ciudadanos en el Listado Nominal en 127 secciones electorales.<\/p>\n<p>&nbsp;<\/p>\n<p>El secretario general de Gobierno del Estado, J. Guadalupe Torres S\u00e1nchez, propuso mantener la mesa de civilidad, con la participaci\u00f3n de todos los grupos parlamentarios, como parte de una pr\u00e1ctica institucional responsable, con bondades y beneficios para todo nuestro estado, lo que tambi\u00e9n es una noticia importante.<\/p>\n<p>&nbsp;<\/p>\n<p>El diputado Serrano Cort\u00e9s dijo que \u201cha quedado demostrado que hay instituciones s\u00f3lidas, que M\u00e9xico se ha construido a trav\u00e9s de la institucionalidad, y de que, sin duda, tendremos un proceso electoral donde cada instancia aporte su granito de arena para consolidarlo en seguridad, en paz, en armon\u00eda social y, sobre todo, garantizar que las y los potosinos cuenten con representantes dignos, y que en todo momento antepongan los intereses comunes a los intereses de car\u00e1cter personal\u201d.<\/p>\n<p>&nbsp;<\/p>\n<p>\u201cHemos abordado los temas que todo mundo conoce, la infiltraci\u00f3n de criminales, es algo que ha llamado la atenci\u00f3n y que todos coincidimos en que tenemos que blindar para que no se aposten en posiciones y cargos p\u00fablicos; vamos a continuar, vamos a homologar las disposiciones federales con lo que ya encontramos, y me parece que esta mesa ha rendido los frutos necesarios\u201d.<\/p>\n<p>&nbsp;<\/p>\n<p>El diputado H\u00e9ctor Serrano apunt\u00f3 que \u201cse van a aperturar foros diversos, hablaremos de temas relacionados con la inteligencia artificial, la inclusi\u00f3n de aquellos que hoy est\u00e1n en los centro de reclusi\u00f3n y que deben de participar en los procesos. La ciudadan\u00eda conocer\u00e1 sobre todos los alcances que hemos estado logrando a trav\u00e9s de la pr\u00e1ctica de este tipo de encuentros institucionales\u201d.<\/p>\n<p>&nbsp;<\/p>\n<p>Explic\u00f3 que \u201cel trabajo parlamentario se da a consecuencia, precisamente, de la participaci\u00f3n, de un proceso democr\u00e1tico para llevar diputados para que la sociedad colectivamente tenga un representante y lo que sigue es aperturarlo.<\/p>\n<p>&nbsp;<\/p>\n<p>Asistieron, adem\u00e1s de las y los diputados integrantes de la Junta de Coordinaci\u00f3n Pol\u00edtica, el secretario General de Gobierno, J. Guadalupe Torres S\u00e1nchez; la\u00a0 consejera presidenta del Consejo Estatal Electoral y de Participaci\u00f3n Ciudadana, Paloma Blanco L\u00f3pez; la encargada de despacho de la Vocal\u00eda Ejecutiva de la Junta local del INE, Patricia Santos Quevedo.<\/p>\n<p>&nbsp;<\/p>\n<p>V\u00edctor Nicol\u00e1s Ju\u00e1rez Aguilar, fiscal electoral del estado; Dennise Adriana Porras Guerrero, magistrada presidenta del Tribunal Electoral del Estado; Ana Sof\u00eda Aguilar Rodr\u00edguez, subsecretaria de Enlace Interinstitucional de la Secretar\u00eda General de Gobierno; y los diputados Jos\u00e9 Roberto Garc\u00eda Castillo, presidente de JUCOPO, y los integrantes Rub\u00e9n Guajardo Barrera, Mar\u00eda Leticia V\u00e1zquez Hern\u00e1ndez, Cris\u00f3gono P\u00e9rez L\u00f3pez, el diputado Carlos Artemio Arreola Mallol y la presidenta de la Directiva diputada Ma. Sara Rocha Medina.<\/p>\n<p>&nbsp;<\/p>\n","protected":false},"excerpt":{"rendered":"<p>El Congreso del Estado llev\u00f3 a cabo una mesa de trabajo institucional para avanzar en el an\u00e1lisis de la reforma electoral que se conforma con propuesta de los grupos y representaciones parlamentarias, la cual ser\u00e1 aprobada antes de que concluya el actual periodo ordinario de sesiones, inform\u00f3 el diputado H\u00e9ctor Serrano Cort\u00e9s. &nbsp; Se dio [&hellip;]<\/p>\n","protected":false},"author":9,"featured_media":72265,"comment_status":"open","ping_status":"open","sticky":false,"template":"","format":"standard","meta":{"footnotes":""},"categories":[53],"tags":[],"class_list":["post-72264","post","type-post","status-publish","format-standard","has-post-thumbnail","hentry","category-congreso"],"jetpack-related-posts":[],"_links":{"self":[{"href":"https:\/\/circulorojoslp.com\/index.php?rest_route=\/wp\/v2\/posts\/72264"}],"collection":[{"href":"https:\/\/circulorojoslp.com\/index.php?rest_route=\/wp\/v2\/posts"}],"about":[{"href":"https:\/\/circulorojoslp.com\/index.php?rest_route=\/wp\/v2\/types\/post"}],"author":[{"embeddable":true,"href":"https:\/\/circulorojoslp.com\/index.php?rest_route=\/wp\/v2\/users\/9"}],"replies":[{"embeddable":true,"href":"https:\/\/circulorojoslp.com\/index.php?rest_route=%2Fwp%2Fv2%2Fcomments&post=72264"}],"version-history":[{"count":0,"href":"https:\/\/circulorojoslp.com\/index.php?rest_route=\/wp\/v2\/posts\/72264\/revisions"}],"wp:featuredmedia":[{"embeddable":true,"href":"https:\/\/circulorojoslp.com\/index.php?rest_route=\/wp\/v2\/media\/72265"}],"wp:attachment":[{"href":"https:\/\/circulorojoslp.com\/index.php?rest_route=%2Fwp%2Fv2%2Fmedia&parent=72264"}],"wp:term":[{"taxonomy":"category","embeddable":true,"href":"https:\/\/circulorojoslp.com\/index.php?rest_route=%2Fwp%2Fv2%2Fcategories&post=72264"},{"taxonomy":"post_tag","embeddable":true,"href":"https:\/\/circulorojoslp.com\/index.php?rest_route=%2Fwp%2Fv2%2Ftags&post=72264"}],"curies":[{"name":"wp","href":"https:\/\/api.w.org\/{rel}","templated":true}]}}