{"id":6712,"date":"2019-03-26T10:30:26","date_gmt":"2019-03-26T16:30:26","guid":{"rendered":"http:\/\/circulorojoslp.com\/?p=6712"},"modified":"2019-03-26T10:30:26","modified_gmt":"2019-03-26T16:30:26","slug":"publican-en-el-diario-oficial-de-la-federacion-modificacion-para-crear-guardia-nacional","status":"publish","type":"post","link":"https:\/\/circulorojoslp.com\/?p=6712","title":{"rendered":"Publican en el Diario Oficial de la Federaci\u00f3n modificaci\u00f3n para crear Guardia Nacional"},"content":{"rendered":"<p>El gobierno federal public\u00f3 hoy en el<a href=\"https:\/\/www.dof.gob.mx\/\" target=\"_blank\" rel=\"noopener\"><strong>\u00a0Diario Oficial de la Federaci\u00f3n<\/strong><\/a>\u00a0la modificaci\u00f3n constitucional para crear la Guardia Nacional. En el documento se se\u00f1ala que durante los cinco a\u00f1os siguientes a la entrada en vigor del decreto, en tanto la\u00a0<strong>Guardia Nacional\u00a0<\/strong>desarrolla su estructura, capacidades e implantaci\u00f3n territorial, el Presidente podr\u00e1 disponer de las\u00a0<strong>Fuerzas Armadas<\/strong>\u00a0en tareas de seguridad p\u00fablica de manera extraordinaria, regulada, fiscalizada, subordinada y complementaria.<\/p>\n<p>Se establece tambi\u00e9n que las instituciones de seguridad p\u00fablica, incluyendo la\u00a0<strong>Guardia Nacional<\/strong>, ser\u00e1n de car\u00e1cter civil, disciplinado y profesional y que el\u00a0<strong>Ministerio P\u00fablico<\/strong>\u00a0y las instituciones policiales de los tres \u00f3rdenes de gobierno deber\u00e1n coordinarse entre s\u00ed para cumplir los fines de la seguridad p\u00fablica y conformar\u00e1n el\u00a0<strong>Sistema Nacional de Seguridad P\u00fablica<\/strong>.<\/p>\n<div>\n<div id=\"aniBox\">\n<div id=\"aniplayer_aniviewJS058237cc96\">\n<div id=\"aniplayer_aniviewJS058237cc96gui\">\n<div id=\"av-container\" class=\" desktop hide-controls\">\n<div id=\"av-inner\">\n<div id=\"slot\">\n<div id=\"videoslot\" class=\"loaded\">&#8220;La Federaci\u00f3n contar\u00e1 con una instituci\u00f3n policial de car\u00e1cter civil denominada\u00a0<strong>Guardia Naciona<\/strong>l, cuyos fines son los se\u00f1alados en el p\u00e1rrafo noveno de este art\u00edculo, la coordinaci\u00f3n y colaboraci\u00f3n con las entidades federativas y municipios, as\u00ed como la salvaguarda de los bienes y recursos de la Naci\u00f3n&#8221;, establece el documento.<\/div>\n<\/div>\n<\/div>\n<\/div>\n<\/div>\n<\/div>\n<\/div>\n<\/div>\n<p>La ley determinar\u00e1 la estructura org\u00e1nica y de direcci\u00f3n de la<strong>\u00a0Guardia Nacional<\/strong>, que estar\u00e1 adscrita a la secretar\u00eda del ramo de seguridad p\u00fablica, que formular\u00e1 la<strong>\u00a0Estrategia Nacional de Seguridad P\u00fablica<\/strong>, los respectivos programas, pol\u00edticas y acciones.<\/p>\n<p>El<strong>\u00a0Congreso de la Uni\u00f3n<\/strong>\u00a0dentro de los 60 d\u00edas naturales siguientes a la entrada en vigor de este Decreto, expedir\u00e1 la Ley de la Guardia Nacional y har\u00e1 las adecuaciones legales conducentes.<\/p>\n","protected":false},"excerpt":{"rendered":"<p>El gobierno federal public\u00f3 hoy en el\u00a0Diario Oficial de la Federaci\u00f3n\u00a0la modificaci\u00f3n constitucional para crear la Guardia Nacional. En el documento se se\u00f1ala que durante los cinco a\u00f1os siguientes a la entrada en vigor del decreto, en tanto la\u00a0Guardia Nacional\u00a0desarrolla su estructura, capacidades e implantaci\u00f3n territorial, el Presidente podr\u00e1 disponer de las\u00a0Fuerzas Armadas\u00a0en tareas de [&hellip;]<\/p>\n","protected":false},"author":5,"featured_media":6713,"comment_status":"open","ping_status":"open","sticky":false,"template":"","format":"standard","meta":{"footnotes":""},"categories":[3],"tags":[],"class_list":["post-6712","post","type-post","status-publish","format-standard","has-post-thumbnail","hentry","category-nacionales"],"jetpack-related-posts":[],"_links":{"self":[{"href":"https:\/\/circulorojoslp.com\/index.php?rest_route=\/wp\/v2\/posts\/6712"}],"collection":[{"href":"https:\/\/circulorojoslp.com\/index.php?rest_route=\/wp\/v2\/posts"}],"about":[{"href":"https:\/\/circulorojoslp.com\/index.php?rest_route=\/wp\/v2\/types\/post"}],"author":[{"embeddable":true,"href":"https:\/\/circulorojoslp.com\/index.php?rest_route=\/wp\/v2\/users\/5"}],"replies":[{"embeddable":true,"href":"https:\/\/circulorojoslp.com\/index.php?rest_route=%2Fwp%2Fv2%2Fcomments&post=6712"}],"version-history":[{"count":1,"href":"https:\/\/circulorojoslp.com\/index.php?rest_route=\/wp\/v2\/posts\/6712\/revisions"}],"predecessor-version":[{"id":6714,"href":"https:\/\/circulorojoslp.com\/index.php?rest_route=\/wp\/v2\/posts\/6712\/revisions\/6714"}],"wp:featuredmedia":[{"embeddable":true,"href":"https:\/\/circulorojoslp.com\/index.php?rest_route=\/wp\/v2\/media\/6713"}],"wp:attachment":[{"href":"https:\/\/circulorojoslp.com\/index.php?rest_route=%2Fwp%2Fv2%2Fmedia&parent=6712"}],"wp:term":[{"taxonomy":"category","embeddable":true,"href":"https:\/\/circulorojoslp.com\/index.php?rest_route=%2Fwp%2Fv2%2Fcategories&post=6712"},{"taxonomy":"post_tag","embeddable":true,"href":"https:\/\/circulorojoslp.com\/index.php?rest_route=%2Fwp%2Fv2%2Ftags&post=6712"}],"curies":[{"name":"wp","href":"https:\/\/api.w.org\/{rel}","templated":true}]}}