{"id":6673,"date":"2019-03-25T10:02:12","date_gmt":"2019-03-25T16:02:12","guid":{"rendered":"http:\/\/circulorojoslp.com\/?p=6673"},"modified":"2019-03-25T10:02:12","modified_gmt":"2019-03-25T16:02:12","slug":"anuncia-segob-medidas-para-la-proteccion-de-periodistas","status":"publish","type":"post","link":"https:\/\/circulorojoslp.com\/?p=6673","title":{"rendered":"ANUNCIA SEGOB MEDIDAS PARA LA PROTECCI\u00d3N DE PERIODISTAS"},"content":{"rendered":"<p>El subsecretario de Derechos Humanos, Migraci\u00f3n y Poblaci\u00f3n de la Secretar\u00eda de Gobernaci\u00f3n, Alejandro Encinas, anunci\u00f3 esta ma\u00f1ana que se implementar\u00e1n tres medidas en el mecanismo de protecci\u00f3n a periodistas y defensores de derechos humanos, las cuales son: acciones urgentes, tecnol\u00f3gicas y f\u00edsicas, y preventivas.<\/p>\n<p>En conferencia de prensa en Palacio Nacional, acompa\u00f1ado del presidente de M\u00e9xico, Andr\u00e9s Manuel L\u00f3pez Obrador, present\u00f3 el programa de protecci\u00f3n a periodistas y confirm\u00f3 que ya suman 790 los beneficiaros de esa estrategia de apoyo, de los cuales 292 son periodistas y 498 son defensores de derechos humanos.<\/p>\n<p>Encinas Rodr\u00edguez reconoci\u00f3 que las acciones del mecanismo son de reacci\u00f3n y no prevenci\u00f3n, e inform\u00f3 que existe una empresa privada que otorga las medidas de protecci\u00f3n.<\/p>\n<p>Dijo que adem\u00e1s se analizan instrumentos que permitan identificar situaciones de riesgo y se evitan al m\u00e1ximo las medidas de car\u00e1cter burocr\u00e1tico.<\/p>\n<p>El subsecretario refiri\u00f3 que desde el pasado 1 de diciembre a la fecha se han registrado seis homicidios de periodistas, de los cuales s\u00f3lo uno estaba bajo la protecci\u00f3n del mecanismo, y en cuatro casos ha habido detenidos.<\/p>\n<p>En el caso de activistas se han reportados nueve decesos y s\u00f3lo se han esclarecido dos. Se necesita fortalecer el mecanismo con la participaci\u00f3n de m\u00e1s periodistas, indic\u00f3.<\/p>\n<p>&nbsp;<\/p>\n","protected":false},"excerpt":{"rendered":"<p>El subsecretario de Derechos Humanos, Migraci\u00f3n y Poblaci\u00f3n de la Secretar\u00eda de Gobernaci\u00f3n, Alejandro Encinas, anunci\u00f3 esta ma\u00f1ana que se implementar\u00e1n tres medidas en el mecanismo de protecci\u00f3n a periodistas y defensores de derechos humanos, las cuales son: acciones urgentes, tecnol\u00f3gicas y f\u00edsicas, y preventivas. En conferencia de prensa en Palacio Nacional, acompa\u00f1ado del presidente [&hellip;]<\/p>\n","protected":false},"author":5,"featured_media":6674,"comment_status":"open","ping_status":"open","sticky":false,"template":"","format":"standard","meta":{"footnotes":""},"categories":[3],"tags":[],"class_list":["post-6673","post","type-post","status-publish","format-standard","has-post-thumbnail","hentry","category-nacionales"],"jetpack-related-posts":[],"_links":{"self":[{"href":"https:\/\/circulorojoslp.com\/index.php?rest_route=\/wp\/v2\/posts\/6673"}],"collection":[{"href":"https:\/\/circulorojoslp.com\/index.php?rest_route=\/wp\/v2\/posts"}],"about":[{"href":"https:\/\/circulorojoslp.com\/index.php?rest_route=\/wp\/v2\/types\/post"}],"author":[{"embeddable":true,"href":"https:\/\/circulorojoslp.com\/index.php?rest_route=\/wp\/v2\/users\/5"}],"replies":[{"embeddable":true,"href":"https:\/\/circulorojoslp.com\/index.php?rest_route=%2Fwp%2Fv2%2Fcomments&post=6673"}],"version-history":[{"count":1,"href":"https:\/\/circulorojoslp.com\/index.php?rest_route=\/wp\/v2\/posts\/6673\/revisions"}],"predecessor-version":[{"id":6675,"href":"https:\/\/circulorojoslp.com\/index.php?rest_route=\/wp\/v2\/posts\/6673\/revisions\/6675"}],"wp:featuredmedia":[{"embeddable":true,"href":"https:\/\/circulorojoslp.com\/index.php?rest_route=\/wp\/v2\/media\/6674"}],"wp:attachment":[{"href":"https:\/\/circulorojoslp.com\/index.php?rest_route=%2Fwp%2Fv2%2Fmedia&parent=6673"}],"wp:term":[{"taxonomy":"category","embeddable":true,"href":"https:\/\/circulorojoslp.com\/index.php?rest_route=%2Fwp%2Fv2%2Fcategories&post=6673"},{"taxonomy":"post_tag","embeddable":true,"href":"https:\/\/circulorojoslp.com\/index.php?rest_route=%2Fwp%2Fv2%2Ftags&post=6673"}],"curies":[{"name":"wp","href":"https:\/\/api.w.org\/{rel}","templated":true}]}}