{"id":6439,"date":"2019-03-11T08:06:27","date_gmt":"2019-03-11T14:06:27","guid":{"rendered":"http:\/\/circulorojoslp.com\/?p=6439"},"modified":"2019-03-11T08:06:27","modified_gmt":"2019-03-11T14:06:27","slug":"cierra-lopez-obrador-el-penal-de-islas-marias","status":"publish","type":"post","link":"https:\/\/circulorojoslp.com\/?p=6439","title":{"rendered":"Cierra L\u00f3pez Obrador el penal de Islas Mar\u00edas"},"content":{"rendered":"<p>El presidente de M\u00e9xico, Andr\u00e9s Manuel L\u00f3pez Obrador, afirm\u00f3 esta ma\u00f1ana que escogi\u00f3 en acto simb\u00f3lico de los 100 d\u00edas de su administraci\u00f3n cerrar la colonia penitenciaria de las Islas Mar\u00edas, y anunci\u00f3 el traslado de 584 personas al Centro Federal de Readaptaci\u00f3n Social en Ramos Arizpe, Coahuila, &#8220;ya se cumpli\u00f3 el decreto&#8221;.<\/p>\n<p>\u201cEscog\u00ed como un acto simb\u00f3lico para conmemorar estos 100 d\u00edas es el cierre del penal de las Islas Mar\u00edas. Ya se cumpli\u00f3 con el decreto y ya se cerr\u00f3 esa c\u00e1rcel\u201d, afirm\u00f3.<\/p>\n<p>De esta manera se busca hacer del espacio\u00a0una reserva natural y un centro para las artes, la cultura y el conocimiento sobre el medio ambiente.<\/p>\n<p>De acuerdo con el Gobeirno federal, la infraestructura existente se adaptar\u00e1 para convertirse en el Centro de Educaci\u00f3n Ambiental y Capacitaci\u00f3n de Ni\u00f1os y J\u00f3venes \u201cMuros de Agua-Jos\u00e9 Revueltas\u201d para que los ni\u00f1os y j\u00f3venes interact\u00faen con la naturaleza.<\/p>\n<p>Entre las actividades que se buscan implementar en este nuevo centro estar\u00e1n la capacitaci\u00f3n en t\u00e9cnica de supervivencia y monitoreo de flora y fauna, estudios socioambientales, estudios literarios, actividades de teatro, escritura creativa, arte transformativo y actividades deportivas.<\/p>\n<p>En breve conferencia de prensa matutina en Palacio Nacional, se\u00f1al\u00f3 que seguir\u00e1 en el cargo no s\u00f3lo estos 100 d\u00edas, sino que estar\u00e1 hasta que los ciudadanos lo decidan.<\/p>\n<p>El mandatario agradeci\u00f3 el esfuerzo de todos los comunicadores que cubren las conferencias de prensa y dijo que \u00e9stas continuar\u00e1n de lunes a viernes a las siete de ma\u00f1ana.<\/p>\n<p>Anunci\u00f3 que a mitad de su mandato habr\u00e1 consulta para que los ciudadanos decidan si debe seguir al frente de la Presidencia de la Rep\u00fablica.<\/p>\n","protected":false},"excerpt":{"rendered":"<p>El presidente de M\u00e9xico, Andr\u00e9s Manuel L\u00f3pez Obrador, afirm\u00f3 esta ma\u00f1ana que escogi\u00f3 en acto simb\u00f3lico de los 100 d\u00edas de su administraci\u00f3n cerrar la colonia penitenciaria de las Islas Mar\u00edas, y anunci\u00f3 el traslado de 584 personas al Centro Federal de Readaptaci\u00f3n Social en Ramos Arizpe, Coahuila, &#8220;ya se cumpli\u00f3 el decreto&#8221;. \u201cEscog\u00ed como [&hellip;]<\/p>\n","protected":false},"author":5,"featured_media":6440,"comment_status":"open","ping_status":"open","sticky":false,"template":"","format":"standard","meta":{"footnotes":""},"categories":[3],"tags":[],"class_list":["post-6439","post","type-post","status-publish","format-standard","has-post-thumbnail","hentry","category-nacionales"],"jetpack-related-posts":[],"_links":{"self":[{"href":"https:\/\/circulorojoslp.com\/index.php?rest_route=\/wp\/v2\/posts\/6439"}],"collection":[{"href":"https:\/\/circulorojoslp.com\/index.php?rest_route=\/wp\/v2\/posts"}],"about":[{"href":"https:\/\/circulorojoslp.com\/index.php?rest_route=\/wp\/v2\/types\/post"}],"author":[{"embeddable":true,"href":"https:\/\/circulorojoslp.com\/index.php?rest_route=\/wp\/v2\/users\/5"}],"replies":[{"embeddable":true,"href":"https:\/\/circulorojoslp.com\/index.php?rest_route=%2Fwp%2Fv2%2Fcomments&post=6439"}],"version-history":[{"count":1,"href":"https:\/\/circulorojoslp.com\/index.php?rest_route=\/wp\/v2\/posts\/6439\/revisions"}],"predecessor-version":[{"id":6441,"href":"https:\/\/circulorojoslp.com\/index.php?rest_route=\/wp\/v2\/posts\/6439\/revisions\/6441"}],"wp:featuredmedia":[{"embeddable":true,"href":"https:\/\/circulorojoslp.com\/index.php?rest_route=\/wp\/v2\/media\/6440"}],"wp:attachment":[{"href":"https:\/\/circulorojoslp.com\/index.php?rest_route=%2Fwp%2Fv2%2Fmedia&parent=6439"}],"wp:term":[{"taxonomy":"category","embeddable":true,"href":"https:\/\/circulorojoslp.com\/index.php?rest_route=%2Fwp%2Fv2%2Fcategories&post=6439"},{"taxonomy":"post_tag","embeddable":true,"href":"https:\/\/circulorojoslp.com\/index.php?rest_route=%2Fwp%2Fv2%2Ftags&post=6439"}],"curies":[{"name":"wp","href":"https:\/\/api.w.org\/{rel}","templated":true}]}}