{"id":6380,"date":"2019-03-07T11:26:43","date_gmt":"2019-03-07T17:26:43","guid":{"rendered":"http:\/\/circulorojoslp.com\/?p=6380"},"modified":"2019-03-07T11:26:43","modified_gmt":"2019-03-07T17:26:43","slug":"recortes-en-los-primeros-100-dias-de-amlo-acusa-gustavo-alanis","status":"publish","type":"post","link":"https:\/\/circulorojoslp.com\/?p=6380","title":{"rendered":"recortes en los primeros 100 d\u00edas de AMLO, acusa Gustavo Alan\u00eds"},"content":{"rendered":"<p class=\"rtejustify\">A punto de cumplirse el pr\u00f3ximo domingo los\u00a0<a href=\"https:\/\/www.eluniversal.com.mx\/nacion\/politica\/en-argot-beisbolero-amlo-explica-los-primeros-100-dias-de-gobierno\" target=\"_blank\" rel=\"noopener\"><strong>primeros 100 d\u00edas del Gobierno<\/strong><\/a>\u00a0de\u00a0<a href=\"https:\/\/www.animalpolitico.com\/2019\/03\/organizacion-plan-estado-derechos-humanos-amlo\/\" target=\"_blank\" rel=\"noopener\"><strong>Andr\u00e9s Manuel L\u00f3pez Obrador<\/strong><\/a>, quien tom\u00f3 el mando de M\u00e9xico el 1 de diciembre, representantes de la sociedad civil evaluaron\u00a0su desempe\u00f1o rotulando en rojo algunos puntos preocupantes: mentiras, prisa y recortes.<\/p>\n<p class=\"rtejustify\">En el conversatorio &#8220;<em><strong><a href=\"https:\/\/www.jornada.com.mx\/ultimas\/2019\/03\/06\/claroscuros-de-primeros-cien-dias-de-gobierno-de-amlo-5039.html\" target=\"_blank\" rel=\"noopener\">100 D\u00edas<\/a>: Un an\u00e1lisis de las acciones de Gobierno en materia de derechos humanos, medioambiente y g\u00e9nero<\/strong><\/em>&#8220;, se expuso que 31 % de lo que divulga el mandatario es falso y que los recortes a organismos ambientales, as\u00ed como a\u00a0<strong>organizaciones de la sociedad civil<\/strong>, no son signos positivos.<\/p>\n<div>\n<div id=\"aniBox\">\n<div id=\"aniplayer_aniviewJS058237cc96\">\n<div id=\"aniplayer_aniviewJS058237cc96gui\">\n<div id=\"av-container\" class=\" desktop hide-controls\">\n<div id=\"av-inner\">\n<div id=\"slot\">\n<div id=\"videoslot\" class=\"loaded\">Han sido poco m\u00e1s de tres meses en los que el Gobierno ha impuesto una estampida pol\u00edtica motivada por el quiebre de la hegemon\u00eda de los dos partidos tradicionales y una sensaci\u00f3n de responsabilidad social apremiante, superior a la de sexenios anteriores.<\/div>\n<\/div>\n<\/div>\n<\/div>\n<\/div>\n<\/div>\n<\/div>\n<\/div>\n<p class=\"rtejustify\">No obstante,\u00a0<strong>Gustavo Alan\u00eds<\/strong>, director del\u00a0<a href=\"https:\/\/www.cemda.org.mx\/\" target=\"_blank\" rel=\"noopener\"><strong>Centro Mexicano de Derecho Ambiental (Cemda)<\/strong><\/a>, se\u00f1al\u00f3 que<strong>\u00a0la rapidez con la que el\u00a0<a href=\"https:\/\/www.eluniversal.com.mx\/columna\/mario-maldonado\/nacion\/amlo-y-sus-proyectos-estrella-chocan-con-pared\" target=\"_blank\" rel=\"noopener\">Gobierno<\/a>ejecuta decisiones podr\u00eda acabar siendo una arma de doble fijo, una navaja que le corta las manos<\/strong>.<\/p>\n<p class=\"rtejustify\">&#8220;<em><strong>Hay mucha celeridad para hacer las cosas y eso puede ser su peor enemigo; por querer dar resultados inmediatos se est\u00e1n preocupando por ellos mismos y eso hace que violen leyes, que se brinquen procedimientos<\/strong><\/em>&#8220;, asever\u00f3 el especialista.<\/p>\n<p class=\"rtejustify\">Estas acusaciones sustentan su naturaleza cr\u00edtica en la puesta en en marcha de megaproyectos de infraestructura en el sur del pa\u00eds, como el\u00a0<strong><a href=\"https:\/\/www.nacion321.com\/ciudadanos\/los-animales-que-ponen-el-riesgo-el-megaproyecto-de-amlo-en-tabasco\" target=\"_blank\" rel=\"noopener\">Tren Maya<\/a><\/strong>\u00a0o la\u00a0<a href=\"https:\/\/www.animalpolitico.com\/2019\/02\/sin-permiso-impacto-ambiental-refineria-tabasco-dos-bocas\/\" target=\"_blank\" rel=\"noopener\"><strong>refiner\u00eda de Dos Bocas<\/strong><\/a>.<\/p>\n","protected":false},"excerpt":{"rendered":"<p>A punto de cumplirse el pr\u00f3ximo domingo los\u00a0primeros 100 d\u00edas del Gobierno\u00a0de\u00a0Andr\u00e9s Manuel L\u00f3pez Obrador, quien tom\u00f3 el mando de M\u00e9xico el 1 de diciembre, representantes de la sociedad civil evaluaron\u00a0su desempe\u00f1o rotulando en rojo algunos puntos preocupantes: mentiras, prisa y recortes. En el conversatorio &#8220;100 D\u00edas: Un an\u00e1lisis de las acciones de Gobierno en [&hellip;]<\/p>\n","protected":false},"author":5,"featured_media":6381,"comment_status":"open","ping_status":"open","sticky":false,"template":"","format":"standard","meta":{"footnotes":""},"categories":[3],"tags":[],"class_list":["post-6380","post","type-post","status-publish","format-standard","has-post-thumbnail","hentry","category-nacionales"],"jetpack-related-posts":[],"_links":{"self":[{"href":"https:\/\/circulorojoslp.com\/index.php?rest_route=\/wp\/v2\/posts\/6380"}],"collection":[{"href":"https:\/\/circulorojoslp.com\/index.php?rest_route=\/wp\/v2\/posts"}],"about":[{"href":"https:\/\/circulorojoslp.com\/index.php?rest_route=\/wp\/v2\/types\/post"}],"author":[{"embeddable":true,"href":"https:\/\/circulorojoslp.com\/index.php?rest_route=\/wp\/v2\/users\/5"}],"replies":[{"embeddable":true,"href":"https:\/\/circulorojoslp.com\/index.php?rest_route=%2Fwp%2Fv2%2Fcomments&post=6380"}],"version-history":[{"count":1,"href":"https:\/\/circulorojoslp.com\/index.php?rest_route=\/wp\/v2\/posts\/6380\/revisions"}],"predecessor-version":[{"id":6382,"href":"https:\/\/circulorojoslp.com\/index.php?rest_route=\/wp\/v2\/posts\/6380\/revisions\/6382"}],"wp:featuredmedia":[{"embeddable":true,"href":"https:\/\/circulorojoslp.com\/index.php?rest_route=\/wp\/v2\/media\/6381"}],"wp:attachment":[{"href":"https:\/\/circulorojoslp.com\/index.php?rest_route=%2Fwp%2Fv2%2Fmedia&parent=6380"}],"wp:term":[{"taxonomy":"category","embeddable":true,"href":"https:\/\/circulorojoslp.com\/index.php?rest_route=%2Fwp%2Fv2%2Fcategories&post=6380"},{"taxonomy":"post_tag","embeddable":true,"href":"https:\/\/circulorojoslp.com\/index.php?rest_route=%2Fwp%2Fv2%2Ftags&post=6380"}],"curies":[{"name":"wp","href":"https:\/\/api.w.org\/{rel}","templated":true}]}}