{"id":6263,"date":"2019-03-05T16:08:10","date_gmt":"2019-03-05T22:08:10","guid":{"rendered":"http:\/\/circulorojoslp.com\/?p=6263"},"modified":"2019-03-05T16:08:10","modified_gmt":"2019-03-05T22:08:10","slug":"el-grupo-de-contrapeso-a-amlo-es-artificial-martinez-benavente","status":"publish","type":"post","link":"https:\/\/circulorojoslp.com\/?p=6263","title":{"rendered":"EL GRUPO DE \u201cCONTRAPESO\u201d A AMLO \u201cES ARTIFICIAL&#8221;: MART\u00cdNEZ BENAVENTE"},"content":{"rendered":"<div id=\"js_vx\" class=\"_5pbx userContent _3576\" data-ft=\"{&quot;tn&quot;:&quot;K&quot;}\">\n<div id=\"id_5c7ef1b992c2c6512913314\" class=\"text_exposed_root text_exposed\">\n<p>+ NAVA SE ADHIRI\u00d3 POR SU AMISTAD CON JAVIER CORRAL, PERO PUEDE TENER PROBLEMAS CON LOS COLABORADORES DEL PRESIDENTE<\/p>\n<div class=\"text_exposed_show\">\n<p>+ A LOS DIPUTADOS LOCALES DE MORENA \u201cLES DIO COMEZ\u00d3N LA CODICIA\u201d<\/p>\n<p>Para el ex diputado y analista pol\u00edtico Eduardo Mart\u00ednez Benavente, el grupo al que se adhiri\u00f3 Xavier Nava y que pretende ser un contrapeso a AMLO es \u201cartificial\u201d y considera que \u201cno servir\u00e1 de nada\u201d.<\/p>\n<p>Adem\u00e1s, se\u00f1ala, la mayor\u00eda de sus integrantes son desconocidos, y que quienes pod\u00edan haber sido opositores y cr\u00edticos a L\u00f3pez Obrador \u201cya se doblaron\u201d, como el gobernador de Jalisco Enrique Alfaro.<\/p>\n<p>Sobre la decisi\u00f3n de Nava Palacios de formar parte de tal organismo, opina que fue debido a la amistad del alcalde potosino con Javier Corral, gobernador de Chihuahua y promotor de tal \u201ccontrapeso\u201d al presidente de la Rep\u00fablica.<\/p>\n<p>A la pregunta de si esta determinaci\u00f3n de Nava puede perjudicarle en su relaci\u00f3n con el gobierno de la Rep\u00fablica, el notario p\u00fablico responde que con L\u00f3pez Obrador no, pero quiz\u00e1 s\u00ed con alguno de los colaboradores del presidente.<\/p>\n<p>\u201cL\u00f3pez Obrador conoce a la familia Nava, y no creo que tenga problemas con \u00e9l, pero qui\u00e9n sabe con sus colaboradores cuando vaya a pedir algo extraordinario\u201d, comenta.<\/p>\n<p>Resalta adem\u00e1s que tal agrupaci\u00f3n \u201cse desbarat\u00f3\u201d cuando tres de sus principales integrantes aseguraron que no forman parte de la misma: Enrique Alfaro, H\u00e9ctor Aguilar Cam\u00edn, y Juan Villoro.<\/p>\n<p>Por otro lado, y cuestionado sobre si ve la Cuarta Transformaci\u00f3n que impulsa el presidente aqu\u00ed en San Luis Potos\u00ed con los representantes de MORENA en cargos p\u00fablicos, responde:<\/p>\n<p>&#8212; Por supuesto que no. Para nada. Para empezar, a los diputados les dio comez\u00f3n la codicia. Lo primero que debieron hacer fue un fideicomiso para depositar la mitad de su sueldo y destinarlo a obras sociales.<\/p>\n<p>Asimismo, dijo que no est\u00e1n cumpliendo ninguna funci\u00f3n de cr\u00edtica a las malas acciones del gobierno del estado, que no se les ven propuestas relevantes, y para colmo se encuentran \u201cconfrontados y divididos\u201d.<\/p>\n<\/div>\n<\/div>\n<\/div>\n<div class=\"_3x-2\" data-ft=\"{&quot;tn&quot;:&quot;H&quot;}\">\n<div data-ft=\"{&quot;tn&quot;:&quot;H&quot;}\">\n<div class=\"mtm\">\n<div>\n<div class=\"_5cq3 _1ktf\" data-ft=\"{&quot;tn&quot;:&quot;E&quot;}\"><\/div>\n<\/div>\n<\/div>\n<\/div>\n<\/div>\n","protected":false},"excerpt":{"rendered":"<p>+ NAVA SE ADHIRI\u00d3 POR SU AMISTAD CON JAVIER CORRAL, PERO PUEDE TENER PROBLEMAS CON LOS COLABORADORES DEL PRESIDENTE + A LOS DIPUTADOS LOCALES DE MORENA \u201cLES DIO COMEZ\u00d3N LA CODICIA\u201d Para el ex diputado y analista pol\u00edtico Eduardo Mart\u00ednez Benavente, el grupo al que se adhiri\u00f3 Xavier Nava y que pretende ser un contrapeso [&hellip;]<\/p>\n","protected":false},"author":5,"featured_media":6264,"comment_status":"open","ping_status":"open","sticky":false,"template":"","format":"standard","meta":{"footnotes":""},"categories":[3],"tags":[22],"class_list":["post-6263","post","type-post","status-publish","format-standard","has-post-thumbnail","hentry","category-nacionales","tag-principal"],"jetpack-related-posts":[],"_links":{"self":[{"href":"https:\/\/circulorojoslp.com\/index.php?rest_route=\/wp\/v2\/posts\/6263"}],"collection":[{"href":"https:\/\/circulorojoslp.com\/index.php?rest_route=\/wp\/v2\/posts"}],"about":[{"href":"https:\/\/circulorojoslp.com\/index.php?rest_route=\/wp\/v2\/types\/post"}],"author":[{"embeddable":true,"href":"https:\/\/circulorojoslp.com\/index.php?rest_route=\/wp\/v2\/users\/5"}],"replies":[{"embeddable":true,"href":"https:\/\/circulorojoslp.com\/index.php?rest_route=%2Fwp%2Fv2%2Fcomments&post=6263"}],"version-history":[{"count":1,"href":"https:\/\/circulorojoslp.com\/index.php?rest_route=\/wp\/v2\/posts\/6263\/revisions"}],"predecessor-version":[{"id":6265,"href":"https:\/\/circulorojoslp.com\/index.php?rest_route=\/wp\/v2\/posts\/6263\/revisions\/6265"}],"wp:featuredmedia":[{"embeddable":true,"href":"https:\/\/circulorojoslp.com\/index.php?rest_route=\/wp\/v2\/media\/6264"}],"wp:attachment":[{"href":"https:\/\/circulorojoslp.com\/index.php?rest_route=%2Fwp%2Fv2%2Fmedia&parent=6263"}],"wp:term":[{"taxonomy":"category","embeddable":true,"href":"https:\/\/circulorojoslp.com\/index.php?rest_route=%2Fwp%2Fv2%2Fcategories&post=6263"},{"taxonomy":"post_tag","embeddable":true,"href":"https:\/\/circulorojoslp.com\/index.php?rest_route=%2Fwp%2Fv2%2Ftags&post=6263"}],"curies":[{"name":"wp","href":"https:\/\/api.w.org\/{rel}","templated":true}]}}