{"id":6153,"date":"2019-02-21T10:51:05","date_gmt":"2019-02-21T16:51:05","guid":{"rendered":"http:\/\/circulorojoslp.com\/?p=6153"},"modified":"2019-02-21T10:51:05","modified_gmt":"2019-02-21T16:51:05","slug":"acuerdo-por-unanimidad-en-el-senado-para-avalar-la-guardia-nacional","status":"publish","type":"post","link":"https:\/\/circulorojoslp.com\/?p=6153","title":{"rendered":"ACUERDO POR UNANIMIDAD EN EL SENADO PARA AVALAR LA GUARDIA NACIONAL"},"content":{"rendered":"<div class=\"ds-1col entity entity-paragraphs-item paragraphs-item-text-paragraph view-mode-full clearfix\">\n<div class=\"field--text\">\n<p><strong>El coordinador de Morena\u00a0<\/strong>en el Senado,\u00a0<strong>Ricardo Monreal<\/strong>, inform\u00f3 que todos los grupos parlamentarios alcanzaron un &#8220;acuerdo por unanimidad&#8221; para avalar un proyecto modicado de la<strong>\u00a0Guardia Nacional.<\/strong><\/p>\n<p>&#8220;Llegamos a un acuerdo por unanimidad, todos los grupos parlamentarios hemos acordado un proyecto modicado que vamos a enviar a la mesa directiva&#8221; sobre la\u00a0<strong>Guardia Nacional<\/strong>, dijo Monreal.<\/p>\n<\/div>\n<\/div>\n<div class=\"ds-1col entity entity-paragraphs-item paragraphs-item-read-more view-mode-full clearfix\">\n<p>En conferencia de prensa\u00a0de la\u00a0<strong>Junta de Coordinaci\u00f3n Pol\u00edtica<\/strong>, se anunci\u00f3 que no habr\u00e1 sesi\u00f3n, s\u00f3lo jar\u00e1n sus posicionamientos. Un ad\u00e9ndum al dictamen que hab\u00eda aprobado la Comisi\u00f3n de Puntos Constitucionales sin el voto de la oposici\u00f3n, fue concretado por los coordinadores parlamentarios, la noche de este mi\u00e9rcoles.<\/p>\n<p>Uno de los acuerdos alcanzados es que todo los elementos de la<strong>\u00a0Guardia Nacional<\/strong>\u00a0ser\u00e1n civiles, si bien este instrumento de seguridad p\u00fablica se integrar\u00e1 con<strong>\u00a0efectivos de las pol\u00edcias Militar, Naval, de la Polic\u00eda Federal\u00a0<\/strong>y de civiles de nuevo reclutamiento.<\/p>\n<\/div>\n","protected":false},"excerpt":{"rendered":"<p>El coordinador de Morena\u00a0en el Senado,\u00a0Ricardo Monreal, inform\u00f3 que todos los grupos parlamentarios alcanzaron un &#8220;acuerdo por unanimidad&#8221; para avalar un proyecto modicado de la\u00a0Guardia Nacional. &#8220;Llegamos a un acuerdo por unanimidad, todos los grupos parlamentarios hemos acordado un proyecto modicado que vamos a enviar a la mesa directiva&#8221; sobre la\u00a0Guardia Nacional, dijo Monreal. En [&hellip;]<\/p>\n","protected":false},"author":5,"featured_media":6154,"comment_status":"open","ping_status":"open","sticky":false,"template":"","format":"standard","meta":{"footnotes":""},"categories":[3],"tags":[],"class_list":["post-6153","post","type-post","status-publish","format-standard","has-post-thumbnail","hentry","category-nacionales"],"jetpack-related-posts":[],"_links":{"self":[{"href":"https:\/\/circulorojoslp.com\/index.php?rest_route=\/wp\/v2\/posts\/6153"}],"collection":[{"href":"https:\/\/circulorojoslp.com\/index.php?rest_route=\/wp\/v2\/posts"}],"about":[{"href":"https:\/\/circulorojoslp.com\/index.php?rest_route=\/wp\/v2\/types\/post"}],"author":[{"embeddable":true,"href":"https:\/\/circulorojoslp.com\/index.php?rest_route=\/wp\/v2\/users\/5"}],"replies":[{"embeddable":true,"href":"https:\/\/circulorojoslp.com\/index.php?rest_route=%2Fwp%2Fv2%2Fcomments&post=6153"}],"version-history":[{"count":1,"href":"https:\/\/circulorojoslp.com\/index.php?rest_route=\/wp\/v2\/posts\/6153\/revisions"}],"predecessor-version":[{"id":6155,"href":"https:\/\/circulorojoslp.com\/index.php?rest_route=\/wp\/v2\/posts\/6153\/revisions\/6155"}],"wp:featuredmedia":[{"embeddable":true,"href":"https:\/\/circulorojoslp.com\/index.php?rest_route=\/wp\/v2\/media\/6154"}],"wp:attachment":[{"href":"https:\/\/circulorojoslp.com\/index.php?rest_route=%2Fwp%2Fv2%2Fmedia&parent=6153"}],"wp:term":[{"taxonomy":"category","embeddable":true,"href":"https:\/\/circulorojoslp.com\/index.php?rest_route=%2Fwp%2Fv2%2Fcategories&post=6153"},{"taxonomy":"post_tag","embeddable":true,"href":"https:\/\/circulorojoslp.com\/index.php?rest_route=%2Fwp%2Fv2%2Ftags&post=6153"}],"curies":[{"name":"wp","href":"https:\/\/api.w.org\/{rel}","templated":true}]}}