{"id":61452,"date":"2026-05-12T21:12:48","date_gmt":"2026-05-13T03:12:48","guid":{"rendered":"https:\/\/circulorojoslp.com\/?p=61452"},"modified":"2026-05-12T21:12:48","modified_gmt":"2026-05-13T03:12:48","slug":"curso-de-capacitacion-en-materia-de-derechos-humanos","status":"publish","type":"post","link":"https:\/\/circulorojoslp.com\/?p=61452","title":{"rendered":"Curso de Capacitaci\u00f3n en materia de Derechos Humanos."},"content":{"rendered":"<p>El Congreso del Estado a trav\u00e9s del Instituto de Investigaci\u00f3n y Evaluaci\u00f3n Legislativa y la Comisi\u00f3n Estatal de Derechos Humanos, concluyeron el Curso de Capacitaci\u00f3n \u201cFortalecimiento del servicio p\u00fablico con enfoque en derechos humanos\u201d.<br \/>\n\u00a0<br \/>\nEl diputado Carlos Arreola Mallol, director del Instituto de Investigaci\u00f3n y Evaluaci\u00f3n Legislativa, destac\u00f3 la participaci\u00f3n del personal del Poder Legislativo para atender estos cursos y brindar una atenci\u00f3n integral con respeto a los derechos humanos.<br \/>\n\u00a0<br \/>\nEn esta \u00faltima sesi\u00f3n, se toc\u00f3 el tema \u201cDerecho de las v\u00edctimas\u201d, con lo cual se cierra el objetivo de la promoci\u00f3n, el conocimiento y la aplicaci\u00f3n de los derechos humanos en el servicio p\u00fablico, representando t\u00f3picos de toral importancia, el derecho a la seguridad jur\u00eddica y a la legalidad.<br \/>\n\u00a0<br \/>\n\u201cConcluimos este curso en colaboraci\u00f3n con la Comisi\u00f3n Estatal de Derechos Humanos, que es una instrucci\u00f3n de la Junta de Coordinaci\u00f3n Pol\u00edtica, todo el personal estuvo pendiente, algunos de manera presencial y otros en l\u00ednea, lo importante estar capacitados en materia de atenci\u00f3n integral en derechos humanos, de atenci\u00f3n a v\u00edctimas, grupos vulnerables porque en el Congreso del Estado atendemos a todas las voces y tenemos que tener la capacidad de atender con perspectiva en derechos humanos\u201d.<br \/>\n\u00a0<br \/>\nEl legislador indic\u00f3 que estas acciones parten del compromiso del Poder Legislativo para brindar capacitaci\u00f3n y actualizaci\u00f3n en temas relacionados con el respeto y defensa a los derechos humanos a su personal.<\/p>\n","protected":false},"excerpt":{"rendered":"<p>El Congreso del Estado a trav\u00e9s del Instituto de Investigaci\u00f3n y Evaluaci\u00f3n Legislativa y la Comisi\u00f3n Estatal de Derechos Humanos, concluyeron el Curso de Capacitaci\u00f3n \u201cFortalecimiento del servicio p\u00fablico con enfoque en derechos humanos\u201d. \u00a0 El diputado Carlos Arreola Mallol, director del Instituto de Investigaci\u00f3n y Evaluaci\u00f3n Legislativa, destac\u00f3 la participaci\u00f3n del personal del Poder [&hellip;]<\/p>\n","protected":false},"author":8,"featured_media":61453,"comment_status":"closed","ping_status":"closed","sticky":false,"template":"","format":"standard","meta":{"footnotes":""},"categories":[53],"tags":[],"class_list":["post-61452","post","type-post","status-publish","format-standard","has-post-thumbnail","hentry","category-congreso"],"jetpack-related-posts":[],"_links":{"self":[{"href":"https:\/\/circulorojoslp.com\/index.php?rest_route=\/wp\/v2\/posts\/61452"}],"collection":[{"href":"https:\/\/circulorojoslp.com\/index.php?rest_route=\/wp\/v2\/posts"}],"about":[{"href":"https:\/\/circulorojoslp.com\/index.php?rest_route=\/wp\/v2\/types\/post"}],"author":[{"embeddable":true,"href":"https:\/\/circulorojoslp.com\/index.php?rest_route=\/wp\/v2\/users\/8"}],"replies":[{"embeddable":true,"href":"https:\/\/circulorojoslp.com\/index.php?rest_route=%2Fwp%2Fv2%2Fcomments&post=61452"}],"version-history":[{"count":0,"href":"https:\/\/circulorojoslp.com\/index.php?rest_route=\/wp\/v2\/posts\/61452\/revisions"}],"wp:featuredmedia":[{"embeddable":true,"href":"https:\/\/circulorojoslp.com\/index.php?rest_route=\/wp\/v2\/media\/61453"}],"wp:attachment":[{"href":"https:\/\/circulorojoslp.com\/index.php?rest_route=%2Fwp%2Fv2%2Fmedia&parent=61452"}],"wp:term":[{"taxonomy":"category","embeddable":true,"href":"https:\/\/circulorojoslp.com\/index.php?rest_route=%2Fwp%2Fv2%2Fcategories&post=61452"},{"taxonomy":"post_tag","embeddable":true,"href":"https:\/\/circulorojoslp.com\/index.php?rest_route=%2Fwp%2Fv2%2Ftags&post=61452"}],"curies":[{"name":"wp","href":"https:\/\/api.w.org\/{rel}","templated":true}]}}