{"id":61279,"date":"2026-05-05T12:21:32","date_gmt":"2026-05-05T18:21:32","guid":{"rendered":"https:\/\/circulorojoslp.com\/?p=61279"},"modified":"2026-05-05T12:21:32","modified_gmt":"2026-05-05T18:21:32","slug":"edin-terzic-firma-como-nuevo-entrenador-de-athletic-hasta-2028","status":"publish","type":"post","link":"https:\/\/circulorojoslp.com\/?p=61279","title":{"rendered":"Edin Terzic firma como nuevo entrenador de Athletic hasta 2028"},"content":{"rendered":"<p>El alem\u00e1n se har\u00e1 cargo del conjunto vasco a partir de la pr\u00f3xima temporada tras dos ciclos en Borussia Dortmund.<\/p>\n<p>El alem\u00e1n Edin Terzic, ext\u00e9cnico de Borussia Dortmund, ser\u00e1 el entrenador de Athletic Club espa\u00f1ol las dos pr\u00f3ximas temporadas, seg\u00fan ha confirmado este martes la entidad bilba\u00edna.<br \/>\nTerzic, de 43 a\u00f1os, gan\u00f3 la Copa de Alemania de 2021 y en 2024 clasific\u00f3 a los de amarillo y negro para final de la Champions League que el equipo de Westfalia perdi\u00f3 frente a Real Madrid por 2-0.<br \/>\nEl nuevo t\u00e9cnico del equipo rojiblanco, que relevar\u00e1 en el banquillo de San Mam\u00e9s a Ernesto Valverde, \u201cser\u00e1 presentado de manera oficial una vez concluya la temporada\u201c, seg\u00fan confirm\u00f3 la instituci\u00f3n en su anuncio oficial.<br \/>\nAdem\u00e1s de su experiencia en el club del cual es confeso simpatizante, donde tambi\u00e9n cumpli\u00f3 roles en la academia y la direcci\u00f3n deportiva, Terzic tuvo per\u00edodos como asistente de Slaven Bilic en sus ciclos como DT de Besiktas, entre 2013 y 2015, y de West Ham, entre 2015 y 2017.<br \/>\nSer\u00e1 tambi\u00e9n el segundo entrenador alem\u00e1n de la historia del conjunto vasco luego de Jupp Heynckes, que lo dirigi\u00f3 entre 1992 y 1994.<\/p>\n","protected":false},"excerpt":{"rendered":"<p>El alem\u00e1n se har\u00e1 cargo del conjunto vasco a partir de la pr\u00f3xima temporada tras dos ciclos en Borussia Dortmund. El alem\u00e1n Edin Terzic, ext\u00e9cnico de Borussia Dortmund, ser\u00e1 el entrenador de Athletic Club espa\u00f1ol las dos pr\u00f3ximas temporadas, seg\u00fan ha confirmado este martes la entidad bilba\u00edna. Terzic, de 43 a\u00f1os, gan\u00f3 la Copa de [&hellip;]<\/p>\n","protected":false},"author":8,"featured_media":61280,"comment_status":"closed","ping_status":"closed","sticky":false,"template":"","format":"standard","meta":{"footnotes":""},"categories":[43],"tags":[],"class_list":["post-61279","post","type-post","status-publish","format-standard","has-post-thumbnail","hentry","category-deportes"],"jetpack-related-posts":[],"_links":{"self":[{"href":"https:\/\/circulorojoslp.com\/index.php?rest_route=\/wp\/v2\/posts\/61279"}],"collection":[{"href":"https:\/\/circulorojoslp.com\/index.php?rest_route=\/wp\/v2\/posts"}],"about":[{"href":"https:\/\/circulorojoslp.com\/index.php?rest_route=\/wp\/v2\/types\/post"}],"author":[{"embeddable":true,"href":"https:\/\/circulorojoslp.com\/index.php?rest_route=\/wp\/v2\/users\/8"}],"replies":[{"embeddable":true,"href":"https:\/\/circulorojoslp.com\/index.php?rest_route=%2Fwp%2Fv2%2Fcomments&post=61279"}],"version-history":[{"count":0,"href":"https:\/\/circulorojoslp.com\/index.php?rest_route=\/wp\/v2\/posts\/61279\/revisions"}],"wp:featuredmedia":[{"embeddable":true,"href":"https:\/\/circulorojoslp.com\/index.php?rest_route=\/wp\/v2\/media\/61280"}],"wp:attachment":[{"href":"https:\/\/circulorojoslp.com\/index.php?rest_route=%2Fwp%2Fv2%2Fmedia&parent=61279"}],"wp:term":[{"taxonomy":"category","embeddable":true,"href":"https:\/\/circulorojoslp.com\/index.php?rest_route=%2Fwp%2Fv2%2Fcategories&post=61279"},{"taxonomy":"post_tag","embeddable":true,"href":"https:\/\/circulorojoslp.com\/index.php?rest_route=%2Fwp%2Fv2%2Ftags&post=61279"}],"curies":[{"name":"wp","href":"https:\/\/api.w.org\/{rel}","templated":true}]}}