{"id":61231,"date":"2026-04-23T22:37:48","date_gmt":"2026-04-24T04:37:48","guid":{"rendered":"https:\/\/circulorojoslp.com\/?p=61231"},"modified":"2026-04-23T22:37:48","modified_gmt":"2026-04-24T04:37:48","slug":"villa-de-pozos-celebro-el-dia-internacional-del-libro","status":"publish","type":"post","link":"https:\/\/circulorojoslp.com\/?p=61231","title":{"rendered":"VILLA DE POZOS CELEBR\u00d3 EL D\u00cdA INTERNACIONAL DEL LIBRO"},"content":{"rendered":"<p>\u2013 Se llev\u00f3 a cabo una jornada llena de imaginaci\u00f3n, lectura y creatividad en el marco de celebraci\u00f3n del D\u00eda Internacional del Libro, en el jard\u00edn principal.<br \/>\nCon el objetivo de fomentar el h\u00e1bito de la lectura y promover el acceso a la cultura, el Gobierno Municipal de Villa de Pozos, a trav\u00e9s de la Direcci\u00f3n de Educaci\u00f3n y la Biblioteca Municipal, en coordinaci\u00f3n con la Sala de Lectura \u201cLibro Colibr\u00ed\u201d, llev\u00f3 a cabo una serie de actividades en el marco del D\u00eda Internacional del Libro y del Derecho de Autor, en el jard\u00edn principal.<br \/>\nComo parte de esta celebraci\u00f3n, se realiz\u00f3 la actividad \u201cEntre dragones, princesas y caballeros\u201d, en la que participaron alumnas y alumnos de la Escuela Primaria \u201cFrancisco I. Madero\u201d, quienes vivieron una jornada llena de imaginaci\u00f3n, aprendizaje y creatividad; durante el evento, las ni\u00f1as y ni\u00f1os disfrutaron de la lectura de diversos libros que despertaron su inter\u00e9s por las historias, el conocimiento y la cultura; asimismo, la comunidad estudiantil elabor\u00f3 manualidades alusivas a los cuentos, lo que permiti\u00f3 fortalecer su creatividad y talento a trav\u00e9s de la expresi\u00f3n art\u00edstica.<br \/>\nEl director de Educaci\u00f3n, Omar Salvador Garc\u00eda Oliveros, se\u00f1al\u00f3 que el objetivo principal de estas actividades es fomentar el amor por la lectura desde edades tempranas, por lo que se brinda a las infancias herramientas que les permitan imaginar, descubrir y desarrollar habilidades fundamentales para su formaci\u00f3n.<br \/>\nAsimismo, el titular destac\u00f3 que este tipo de iniciativas representan una valiosa oportunidad para que ni\u00f1as y ni\u00f1os puedan aprender, reflexionar y crecer en entornos positivos, donde la lectura se convierte en una puerta hacia nuevos conocimientos y experiencias, adem\u00e1s la representante de Sala de Lectura \u201cLibro Colibr\u00ed\u201d Leticia Gallegos, llev\u00f3 a cabo una din\u00e1mica con los estudiantes, en la cual se realiz\u00f3 la rifa de diferentes libros.<\/p>\n","protected":false},"excerpt":{"rendered":"<p>\u2013 Se llev\u00f3 a cabo una jornada llena de imaginaci\u00f3n, lectura y creatividad en el marco de celebraci\u00f3n del D\u00eda Internacional del Libro, en el jard\u00edn principal. Con el objetivo de fomentar el h\u00e1bito de la lectura y promover el acceso a la cultura, el Gobierno Municipal de Villa de Pozos, a trav\u00e9s de la [&hellip;]<\/p>\n","protected":false},"author":8,"featured_media":61232,"comment_status":"closed","ping_status":"closed","sticky":false,"template":"","format":"standard","meta":{"footnotes":""},"categories":[59],"tags":[],"class_list":["post-61231","post","type-post","status-publish","format-standard","has-post-thumbnail","hentry","category-villadepozos"],"jetpack-related-posts":[],"_links":{"self":[{"href":"https:\/\/circulorojoslp.com\/index.php?rest_route=\/wp\/v2\/posts\/61231"}],"collection":[{"href":"https:\/\/circulorojoslp.com\/index.php?rest_route=\/wp\/v2\/posts"}],"about":[{"href":"https:\/\/circulorojoslp.com\/index.php?rest_route=\/wp\/v2\/types\/post"}],"author":[{"embeddable":true,"href":"https:\/\/circulorojoslp.com\/index.php?rest_route=\/wp\/v2\/users\/8"}],"replies":[{"embeddable":true,"href":"https:\/\/circulorojoslp.com\/index.php?rest_route=%2Fwp%2Fv2%2Fcomments&post=61231"}],"version-history":[{"count":0,"href":"https:\/\/circulorojoslp.com\/index.php?rest_route=\/wp\/v2\/posts\/61231\/revisions"}],"wp:featuredmedia":[{"embeddable":true,"href":"https:\/\/circulorojoslp.com\/index.php?rest_route=\/wp\/v2\/media\/61232"}],"wp:attachment":[{"href":"https:\/\/circulorojoslp.com\/index.php?rest_route=%2Fwp%2Fv2%2Fmedia&parent=61231"}],"wp:term":[{"taxonomy":"category","embeddable":true,"href":"https:\/\/circulorojoslp.com\/index.php?rest_route=%2Fwp%2Fv2%2Fcategories&post=61231"},{"taxonomy":"post_tag","embeddable":true,"href":"https:\/\/circulorojoslp.com\/index.php?rest_route=%2Fwp%2Fv2%2Ftags&post=61231"}],"curies":[{"name":"wp","href":"https:\/\/api.w.org\/{rel}","templated":true}]}}