{"id":61205,"date":"2026-04-22T23:12:37","date_gmt":"2026-04-23T05:12:37","guid":{"rendered":"https:\/\/circulorojoslp.com\/?p=61205"},"modified":"2026-04-22T23:12:37","modified_gmt":"2026-04-23T05:12:37","slug":"fortalecen-capacitacion-en-brigadas-de-emergencia-en-villa-de-pozos","status":"publish","type":"post","link":"https:\/\/circulorojoslp.com\/?p=61205","title":{"rendered":"FORTALECEN CAPACITACI\u00d3N EN BRIGADAS DE EMERGENCIA EN VILLA DE POZOS"},"content":{"rendered":"<p>\u2013 Se mantienen capacitaciones a distintos sectores de la poblaci\u00f3n para reforzar la cultura de la prevenci\u00f3n.<br \/>\nCon el objetivo de reforzar la cultura de la prevenci\u00f3n y mejorar la capacidad de respuesta ante situaciones de riesgo, la Direcci\u00f3n de Protecci\u00f3n Civil de Villa de Pozos contin\u00faa con las capacitaciones dirigidas a los sectores comercial, empresarial y educativo.<br \/>\nMiguel \u00c1ngel Llanas Texon, director de Protecci\u00f3n Civil, se\u00f1al\u00f3 que se brinda a las y los participantes herramientas pr\u00e1cticas y conocimientos que les permiten actuar de manera oportuna y eficaz ante distintas contingencias.<br \/>\nEntre los temas abordados destacan la atenci\u00f3n de emergencias y la organizaci\u00f3n de brigadas, as\u00ed como contenidos sobre primeros auxilios, evacuaci\u00f3n, b\u00fasqueda y rescate, as\u00ed como prevenci\u00f3n y control de incendios. Estas capacitaciones fomentan la participaci\u00f3n de quienes integran estos espacios y fortalecen su preparaci\u00f3n ante posibles riesgos.<br \/>\nEl titular agreg\u00f3 que se busca que cada establecimiento cuente con personal capacitado para responder de manera inmediata ante cualquier eventualidad, con el fin de reducir riesgos y proteger la integridad de trabajadores, estudiantes y ciudadan\u00eda en general.<\/p>\n","protected":false},"excerpt":{"rendered":"<p>\u2013 Se mantienen capacitaciones a distintos sectores de la poblaci\u00f3n para reforzar la cultura de la prevenci\u00f3n. Con el objetivo de reforzar la cultura de la prevenci\u00f3n y mejorar la capacidad de respuesta ante situaciones de riesgo, la Direcci\u00f3n de Protecci\u00f3n Civil de Villa de Pozos contin\u00faa con las capacitaciones dirigidas a los sectores comercial, [&hellip;]<\/p>\n","protected":false},"author":8,"featured_media":61206,"comment_status":"closed","ping_status":"closed","sticky":false,"template":"","format":"standard","meta":{"footnotes":""},"categories":[59],"tags":[],"class_list":["post-61205","post","type-post","status-publish","format-standard","has-post-thumbnail","hentry","category-villadepozos"],"jetpack-related-posts":[],"_links":{"self":[{"href":"https:\/\/circulorojoslp.com\/index.php?rest_route=\/wp\/v2\/posts\/61205"}],"collection":[{"href":"https:\/\/circulorojoslp.com\/index.php?rest_route=\/wp\/v2\/posts"}],"about":[{"href":"https:\/\/circulorojoslp.com\/index.php?rest_route=\/wp\/v2\/types\/post"}],"author":[{"embeddable":true,"href":"https:\/\/circulorojoslp.com\/index.php?rest_route=\/wp\/v2\/users\/8"}],"replies":[{"embeddable":true,"href":"https:\/\/circulorojoslp.com\/index.php?rest_route=%2Fwp%2Fv2%2Fcomments&post=61205"}],"version-history":[{"count":0,"href":"https:\/\/circulorojoslp.com\/index.php?rest_route=\/wp\/v2\/posts\/61205\/revisions"}],"wp:featuredmedia":[{"embeddable":true,"href":"https:\/\/circulorojoslp.com\/index.php?rest_route=\/wp\/v2\/media\/61206"}],"wp:attachment":[{"href":"https:\/\/circulorojoslp.com\/index.php?rest_route=%2Fwp%2Fv2%2Fmedia&parent=61205"}],"wp:term":[{"taxonomy":"category","embeddable":true,"href":"https:\/\/circulorojoslp.com\/index.php?rest_route=%2Fwp%2Fv2%2Fcategories&post=61205"},{"taxonomy":"post_tag","embeddable":true,"href":"https:\/\/circulorojoslp.com\/index.php?rest_route=%2Fwp%2Fv2%2Ftags&post=61205"}],"curies":[{"name":"wp","href":"https:\/\/api.w.org\/{rel}","templated":true}]}}