{"id":60927,"date":"2026-04-10T23:34:25","date_gmt":"2026-04-11T05:34:25","guid":{"rendered":"https:\/\/circulorojoslp.com\/?p=60927"},"modified":"2026-04-10T23:34:25","modified_gmt":"2026-04-11T05:34:25","slug":"llegaron-los-primeros-trevifans-a-soledad-%f0%9f%8c%9f","status":"publish","type":"post","link":"https:\/\/circulorojoslp.com\/?p=60927","title":{"rendered":"\u00a1LLEGARON LOS PRIMEROS TREVIFANS A SOLEDAD! \ud83c\udf1f"},"content":{"rendered":"<p>\u00a0<br \/>\n Desde las 1 de la madrugada de este d\u00eda, la Plaza Principal de Soledad de Graciano S\u00e1nchez comenz\u00f3 a recibir a los primeros fan\u00e1ticos de Gloria Trevi, quienes esperan con entusiasmo el gran concierto de esta noche, en el marco del s\u00e9ptimo d\u00eda de la Feria Nacional de la Enchilada que se consolida como un evento de alcance nacional.<br \/>\nVisitantes del estado de Aguascalientes y de otras ciudades vecinas, acamparon desde esta madrugada para asegurar su lugar y ser testigos de uno de los espect\u00e1culos m\u00e1s esperados de la m\u00e1xima fiesta de los soledenses.<br \/>\nHasta el momento, el ambiente se reporta en total orden y con un \u00e1nimo festivo de convivencia familiar, donde elementos de Protecci\u00f3n Civil y Seguridad P\u00fablica mantienen vigilancia permanente para garantizar el bienestar de los asistentes, se invita a quienes ya se encuentran en la plaza a mantenerse hidratados y seguir las indicaciones del personal organizador.<br \/>\nSoledad de Graciano S\u00e1nchez le da la m\u00e1s cordial bienvenida a todos los visitantes que se dan cita para disfrutar del talento y la energ\u00eda de \u201cLa Trevi\u201d.<br \/>\n#SoledadDeGracianoS\u00e1nchez<br \/>\n#FENAE2026 #SoledadSabeAFiesta #GloriaTrevi #<\/p>\n","protected":false},"excerpt":{"rendered":"<p>\u00a0 Desde las 1 de la madrugada de este d\u00eda, la Plaza Principal de Soledad de Graciano S\u00e1nchez comenz\u00f3 a recibir a los primeros fan\u00e1ticos de Gloria Trevi, quienes esperan con entusiasmo el gran concierto de esta noche, en el marco del s\u00e9ptimo d\u00eda de la Feria Nacional de la Enchilada que se consolida como [&hellip;]<\/p>\n","protected":false},"author":8,"featured_media":60928,"comment_status":"closed","ping_status":"closed","sticky":false,"template":"","format":"standard","meta":{"footnotes":""},"categories":[42],"tags":[],"class_list":["post-60927","post","type-post","status-publish","format-standard","has-post-thumbnail","hentry","category-soledad"],"jetpack-related-posts":[],"_links":{"self":[{"href":"https:\/\/circulorojoslp.com\/index.php?rest_route=\/wp\/v2\/posts\/60927"}],"collection":[{"href":"https:\/\/circulorojoslp.com\/index.php?rest_route=\/wp\/v2\/posts"}],"about":[{"href":"https:\/\/circulorojoslp.com\/index.php?rest_route=\/wp\/v2\/types\/post"}],"author":[{"embeddable":true,"href":"https:\/\/circulorojoslp.com\/index.php?rest_route=\/wp\/v2\/users\/8"}],"replies":[{"embeddable":true,"href":"https:\/\/circulorojoslp.com\/index.php?rest_route=%2Fwp%2Fv2%2Fcomments&post=60927"}],"version-history":[{"count":0,"href":"https:\/\/circulorojoslp.com\/index.php?rest_route=\/wp\/v2\/posts\/60927\/revisions"}],"wp:featuredmedia":[{"embeddable":true,"href":"https:\/\/circulorojoslp.com\/index.php?rest_route=\/wp\/v2\/media\/60928"}],"wp:attachment":[{"href":"https:\/\/circulorojoslp.com\/index.php?rest_route=%2Fwp%2Fv2%2Fmedia&parent=60927"}],"wp:term":[{"taxonomy":"category","embeddable":true,"href":"https:\/\/circulorojoslp.com\/index.php?rest_route=%2Fwp%2Fv2%2Fcategories&post=60927"},{"taxonomy":"post_tag","embeddable":true,"href":"https:\/\/circulorojoslp.com\/index.php?rest_route=%2Fwp%2Fv2%2Ftags&post=60927"}],"curies":[{"name":"wp","href":"https:\/\/api.w.org\/{rel}","templated":true}]}}