{"id":60711,"date":"2026-04-06T19:26:19","date_gmt":"2026-04-07T01:26:19","guid":{"rendered":"https:\/\/circulorojoslp.com\/?p=60711"},"modified":"2026-04-06T19:26:19","modified_gmt":"2026-04-07T01:26:19","slug":"luka-doncic-se-trata-gemelo-en-espana-y-apunta-a-los-playoffs","status":"publish","type":"post","link":"https:\/\/circulorojoslp.com\/?p=60711","title":{"rendered":"Luka Doncic se trata gemelo en Espa\u00f1a y apunta a los playoffs"},"content":{"rendered":"<p>Doncic tom\u00f3 esta decisi\u00f3n tras consultar con los m\u00e9dicos de los Lakers y con su propio equipo m\u00e9dico.<\/p>\n<p>DALLAS \u2014 La estrella de Los Angeles Lakers, Luka Doncic, se encuentra este lunes en Espa\u00f1a para recibir una inyecci\u00f3n en el m\u00fasculo isquiotibial lesionado, con la esperanza de favorecer la cicatrizaci\u00f3n y acelerar su regreso a las canchas, seg\u00fan informaron fuentes a ESPN.<br \/>\nDoncic tom\u00f3 esta decisi\u00f3n tras consultar con los m\u00e9dicos de los Lakers y con su propio equipo m\u00e9dico, despu\u00e9s de sufrir una distensi\u00f3n de grado 2 en el isquiotibial izquierdo durante la derrota por 134-96 ante los Oklahoma City Thunder el pasado jueves.<br \/>\nAunque las distensiones de grado 2 en los isquiotibiales suelen implicar un proceso de recuperaci\u00f3n de un mes, el agente de Doncic, Bill Duffy (de WME Basketball), afirm\u00f3 que el jugador est\u00e1 motivado para reincorporarse a la alineaci\u00f3n de los Lakers durante los playoffs; un objetivo que comparte con Austin Reaves, quien permanece de baja debido a una lesi\u00f3n de grado 2 en el m\u00fasculo oblicuo izquierdo.<br \/>\n\u201cAmbos jugadores van a intentar regresar, y nuestra labor es prolongar la temporada para que puedan hacerlo\u201d, declar\u00f3 el domingo el entrenador de los Lakers, JJ Redick.<br \/>\nMientras Doncic ultimaba sus planes de tratamiento, los Lakers disputaron su primer partido tras unas devastadoras 48 horas, periodo en el que sufrieron una paliza a manos de los vigentes campeones y perdieron a dos de sus jugadores clave debido a lesiones de consideraci\u00f3n. El domingo, el equipo de Los \u00c1ngeles cay\u00f3 derrotado por 134-128 ante los Dallas Mavericks.<br \/>\nLos Lakers permitieron 41 puntos en el primer cuarto; el destacado novato de los Mavs, Cooper Flagg, anot\u00f3 19 de sus 45 puntos en ese parcial inicial. El equipo angelino lleg\u00f3 a ir perdiendo por una diferencia de hasta 22 puntos antes de intentar una remontada, pero nunca logr\u00f3 reducir la desventaja a menos de cinco puntos.<br \/>\n\u201cCreo que todos sent\u00edamos que est\u00e1bamos en un buen ritmo\u201d, coment\u00f3 LeBron James, quien sum\u00f3 30 puntos con una efectividad de 12 de 22 en tiros de campo, adem\u00e1s de repartir 15 asistencias y capturar nueve rebotes. \u201cSin embargo, para poder jugar al nivel de rendimiento que aspiramos, la clave estar\u00e1 en el aspecto defensivo\u201d.<br \/>\nLos cinco titulares de los Lakers anotaron cifras de dos d\u00edgitos; entre ellos destac\u00f3 Luke Kennard, quien registr\u00f3 el primer triple-doble de su carrera con 15 puntos, 16 rebotes y 11 asistencias. Por su parte, el p\u00edvot suplente Jaxson Hayes aport\u00f3 23 puntos saliendo desde el banquillo. Los Mavs tambi\u00e9n tuvieron a cinco jugadores anotando en dobles figuras, y los Mavericks registraron un 52.3% de acierto en tiros de campo y un 43.8% en triples.<br \/>\nEl quinteto titular de los Lakers \u2014compuesto por James, Kennard, Deandre Ayton, Rui Hachimura y Jake LaRavia\u2014 no hab\u00eda jugado junto en lo que va de la temporada, y mucho menos hab\u00eda iniciado un partido. La alineaci\u00f3n con la que L.A. comenz\u00f3 el segundo cuarto \u2014James, Jarred Vanderbilt, Hayes, Maxi Kleber y Kobe Bufkin\u2014 tampoco hab\u00eda compartido cancha anteriormente.<br \/>\nEsta situaci\u00f3n result\u00f3 emblem\u00e1tica de la fren\u00e9tica actividad de la franquicia tras enterarse de la lesi\u00f3n de Doncic el viernes, seguida \u2014apenas un d\u00eda despu\u00e9s\u2014 por la noticia sobre Reaves, cuya lesi\u00f3n en el m\u00fasculo oblicuo se espera que lo mantenga fuera de las canchas entre cuatro y seis semanas, seg\u00fan informaron fuentes a ESPN.<br \/>\n\u201cMe ech\u00e9 la siesta despu\u00e9s del entrenamiento y me despert\u00e9 con esa noticia; fue como otro golpe (en la cabeza)\u201d, afirm\u00f3 James al referirse a cuando se enter\u00f3 de los resultados de la resonancia magn\u00e9tica de Reaves el s\u00e1bado. \u201cFue un golpe al coraz\u00f3n, obviamente; tambi\u00e9n al pecho y al \u2018cerebro\u2019 del equipo, con lo de Luka\u2026 Pero, en cierto modo, recibimos esa noticia con bastante rapidez. Sin embargo, con lo de AR (Reaves)\u2026 sab\u00edamos que se iba a someter a una resonancia, pero cuando me despert\u00e9 de la siesta ayer y vi la noticia, mi reacci\u00f3n fue: \u2018Mi\u2014-\u2018. Ese fue, literalmente, mi tono\u201d.<br \/>\nAunque James lider\u00f3 a los Lakers en puntos y en intentos de tiro de campo, Redick declar\u00f3 antes del partido contra los Mavs que, ante la escasez de efectivos, ser\u00eda necesario que \u201ctodos arrimaran el hombro\u201d en los Lakers.<br \/>\n\u201cLa carga de generar toda la ofensiva no recaer\u00e1 \u00fanicamente sobre LeBron\u201d, expres\u00f3 Redick.<br \/>\nLos Lakers respondieron con un total de 36 asistencias \u2014cifra que empata su segundo mejor registro en un partido en lo que va de la temporada\u2014, lo que les permiti\u00f3 mantenerse con opciones de victoria.<br \/>\n\u201cObviamente, utilizamos algunas alineaciones que ellos no hab\u00edan visto en todo el a\u00f1o\u201d, se\u00f1al\u00f3 Kennard. \u201cY cuando nos vimos en desventaja, nos mantuvimos unidos; es algo que venimos haciendo \u00faltimamente\u201d.<br \/>\nL.A. (50-28) se mantiene en el tercer puesto de la Conferencia Oeste, conservando el criterio de desempate frente a los Denver Nuggets (50-28) \u2014situados en el cuarto lugar\u2014 a falta de cuatro partidos para el cierre de la temporada regular. La derrota por 122-108 de los Minnesota Timberwolves \u2014sextos en la clasificaci\u00f3n\u2014 ante los Charlotte Hornets el domingo asegur\u00f3 que el peor puesto en el que pueden terminar los Lakers es el quinto, la posici\u00f3n que ocupan actualmente los Houston Rockets(48-29).<\/p>\n","protected":false},"excerpt":{"rendered":"<p>Doncic tom\u00f3 esta decisi\u00f3n tras consultar con los m\u00e9dicos de los Lakers y con su propio equipo m\u00e9dico. DALLAS \u2014 La estrella de Los Angeles Lakers, Luka Doncic, se encuentra este lunes en Espa\u00f1a para recibir una inyecci\u00f3n en el m\u00fasculo isquiotibial lesionado, con la esperanza de favorecer la cicatrizaci\u00f3n y acelerar su regreso a [&hellip;]<\/p>\n","protected":false},"author":8,"featured_media":60712,"comment_status":"closed","ping_status":"closed","sticky":false,"template":"","format":"standard","meta":{"footnotes":""},"categories":[43],"tags":[],"class_list":["post-60711","post","type-post","status-publish","format-standard","has-post-thumbnail","hentry","category-deportes"],"jetpack-related-posts":[],"_links":{"self":[{"href":"https:\/\/circulorojoslp.com\/index.php?rest_route=\/wp\/v2\/posts\/60711"}],"collection":[{"href":"https:\/\/circulorojoslp.com\/index.php?rest_route=\/wp\/v2\/posts"}],"about":[{"href":"https:\/\/circulorojoslp.com\/index.php?rest_route=\/wp\/v2\/types\/post"}],"author":[{"embeddable":true,"href":"https:\/\/circulorojoslp.com\/index.php?rest_route=\/wp\/v2\/users\/8"}],"replies":[{"embeddable":true,"href":"https:\/\/circulorojoslp.com\/index.php?rest_route=%2Fwp%2Fv2%2Fcomments&post=60711"}],"version-history":[{"count":0,"href":"https:\/\/circulorojoslp.com\/index.php?rest_route=\/wp\/v2\/posts\/60711\/revisions"}],"wp:featuredmedia":[{"embeddable":true,"href":"https:\/\/circulorojoslp.com\/index.php?rest_route=\/wp\/v2\/media\/60712"}],"wp:attachment":[{"href":"https:\/\/circulorojoslp.com\/index.php?rest_route=%2Fwp%2Fv2%2Fmedia&parent=60711"}],"wp:term":[{"taxonomy":"category","embeddable":true,"href":"https:\/\/circulorojoslp.com\/index.php?rest_route=%2Fwp%2Fv2%2Fcategories&post=60711"},{"taxonomy":"post_tag","embeddable":true,"href":"https:\/\/circulorojoslp.com\/index.php?rest_route=%2Fwp%2Fv2%2Ftags&post=60711"}],"curies":[{"name":"wp","href":"https:\/\/api.w.org\/{rel}","templated":true}]}}