{"id":6058,"date":"2019-02-15T15:14:52","date_gmt":"2019-02-15T21:14:52","guid":{"rendered":"http:\/\/circulorojoslp.com\/?p=6058"},"modified":"2019-02-15T15:14:52","modified_gmt":"2019-02-15T21:14:52","slug":"mireles-pide-al-senado-aprobacion-de-la-guardia-nacional","status":"publish","type":"post","link":"https:\/\/circulorojoslp.com\/?p=6058","title":{"rendered":"Mireles pide al Senado aprobaci\u00f3n de la Guardia Nacional"},"content":{"rendered":"<div class=\"field--abstract\">Demand\u00f3 al pueblo y a la ciudadan\u00eda a que respalden esta propuesta sin temor<\/div>\n<div class=\"field--netsonic\">\n<div id=\"netsonic-ad-miniplayer\"><\/div>\n<\/div>\n<div class=\"paragraphs-items paragraphs-items-field-paragraphs paragraphs-items-field-paragraphs-full paragraphs-items-full\">\n<div class=\"ds-1col entity entity-paragraphs-item paragraphs-item-text-paragraph view-mode-full clearfix\">\n<div class=\"field--text\">\n<p>El exl\u00edder de las autodefensas michoacanas,\u00a0<a href=\"https:\/\/twitter.com\/DrJMMireles\" target=\"_blank\" rel=\"noopener\">Jos\u00e9 Manuel Mireles<\/a>, pidi\u00f3 al\u00a0<a href=\"http:\/\/www.senado.gob.mx\/64\/\" target=\"_blank\" rel=\"noopener\">Senado de la Rep\u00fablica<\/a>\u00a0la\u00a0<strong>aprobaci\u00f3n de la Guardia Nacional.<\/strong><\/p>\n<p>A trav\u00e9s de un mensaje en Twitter,\u00a0<strong>Mireles dijo que el pa\u00eds no aguanta tanto dolor en las diferentes regiones.<\/strong><\/p>\n<p>Indic\u00f3 que\u00a0<strong>pese a que muchos &#8220;especialistas&#8221; cuestionan la creaci\u00f3n de la Guardia Nacional, nunca han pisado un campo de batalla<\/strong>, ni perdido a un ser querido en circunstancias de violencia.<\/p>\n<p><em>&#8220;Por lo que ignoran la magnitud del problema<\/em>&#8220;, afirm\u00f3.<\/p>\n<p><strong>Demand\u00f3 al pueblo y a la ciudadan\u00eda a que respalden esta propuesta sin temor\u00a0<\/strong>y manifest\u00f3 su respaldo al presidente,\u00a0<a href=\"https:\/\/twitter.com\/lopezobrador_\" target=\"_blank\" rel=\"noopener\">Andr\u00e9s Manuel L\u00f3pez Obrador<\/a>.<\/p>\n<\/div>\n<\/div>\n<\/div>\n","protected":false},"excerpt":{"rendered":"<p>Demand\u00f3 al pueblo y a la ciudadan\u00eda a que respalden esta propuesta sin temor El exl\u00edder de las autodefensas michoacanas,\u00a0Jos\u00e9 Manuel Mireles, pidi\u00f3 al\u00a0Senado de la Rep\u00fablica\u00a0la\u00a0aprobaci\u00f3n de la Guardia Nacional. A trav\u00e9s de un mensaje en Twitter,\u00a0Mireles dijo que el pa\u00eds no aguanta tanto dolor en las diferentes regiones. Indic\u00f3 que\u00a0pese a que muchos [&hellip;]<\/p>\n","protected":false},"author":5,"featured_media":6059,"comment_status":"open","ping_status":"open","sticky":false,"template":"","format":"standard","meta":{"footnotes":""},"categories":[3],"tags":[],"class_list":["post-6058","post","type-post","status-publish","format-standard","has-post-thumbnail","hentry","category-nacionales"],"jetpack-related-posts":[],"_links":{"self":[{"href":"https:\/\/circulorojoslp.com\/index.php?rest_route=\/wp\/v2\/posts\/6058"}],"collection":[{"href":"https:\/\/circulorojoslp.com\/index.php?rest_route=\/wp\/v2\/posts"}],"about":[{"href":"https:\/\/circulorojoslp.com\/index.php?rest_route=\/wp\/v2\/types\/post"}],"author":[{"embeddable":true,"href":"https:\/\/circulorojoslp.com\/index.php?rest_route=\/wp\/v2\/users\/5"}],"replies":[{"embeddable":true,"href":"https:\/\/circulorojoslp.com\/index.php?rest_route=%2Fwp%2Fv2%2Fcomments&post=6058"}],"version-history":[{"count":1,"href":"https:\/\/circulorojoslp.com\/index.php?rest_route=\/wp\/v2\/posts\/6058\/revisions"}],"predecessor-version":[{"id":6060,"href":"https:\/\/circulorojoslp.com\/index.php?rest_route=\/wp\/v2\/posts\/6058\/revisions\/6060"}],"wp:featuredmedia":[{"embeddable":true,"href":"https:\/\/circulorojoslp.com\/index.php?rest_route=\/wp\/v2\/media\/6059"}],"wp:attachment":[{"href":"https:\/\/circulorojoslp.com\/index.php?rest_route=%2Fwp%2Fv2%2Fmedia&parent=6058"}],"wp:term":[{"taxonomy":"category","embeddable":true,"href":"https:\/\/circulorojoslp.com\/index.php?rest_route=%2Fwp%2Fv2%2Fcategories&post=6058"},{"taxonomy":"post_tag","embeddable":true,"href":"https:\/\/circulorojoslp.com\/index.php?rest_route=%2Fwp%2Fv2%2Ftags&post=6058"}],"curies":[{"name":"wp","href":"https:\/\/api.w.org\/{rel}","templated":true}]}}