{"id":60447,"date":"2026-03-24T19:44:20","date_gmt":"2026-03-25T01:44:20","guid":{"rendered":"https:\/\/circulorojoslp.com\/?p=60447"},"modified":"2026-03-24T19:44:20","modified_gmt":"2026-03-25T01:44:20","slug":"denzell-garcia-el-plan-b-del-vasco-aguirre-con-mexico","status":"publish","type":"post","link":"https:\/\/circulorojoslp.com\/?p=60447","title":{"rendered":"Denzell Garc\u00eda, el plan B del \u2018Vasco\u2019 Aguirre con M\u00e9xico"},"content":{"rendered":"<p>El mediocampista de Ju\u00e1rez puede cubrir varias posiciones y se meti\u00f3 a la convocatoria de la Selecci\u00f3n Mexicana en la \u00faltima fecha FIFA previo al Mundial.<\/p>\n<p>Denzell Garc\u00eda se convirti\u00f3 en el plan B de Javier Aguirre con la Selecci\u00f3n Nacional. El mediocampista azteca, que milita en los Bravos de Ju\u00e1rez, llam\u00f3 la atenci\u00f3n del \u2018Vasco\u2019 este a\u00f1o. Ante la baja de Gil Mora, y ahora de Marcel Ruiz, el estratega nacional quiere ver c\u00f3mo compite ante \u00c1lvaro Fidalgo, quien parece el due\u00f1o de la posici\u00f3n en el medio campo.<br \/>\nGarc\u00eda es titular indiscutible en Ju\u00e1rez y uno de los pocos seleccionados mexicanos que el cuadro fronterizo ha dado en los \u00faltimos a\u00f1os. Denzell cumpli\u00f3 su ciclo con selecciones con l\u00edmite de edad, sobre todo con la Sub-23 cuando \u00e9l apenas ten\u00eda 20 a\u00f1os.<br \/>\nBajo esta categor\u00eda disput\u00f3 amistosos internacionales y el torneo Maurice Revello en 2024, antes llamado Esperanzas de Toulon.<br \/>\nJaime Lozano le dio su primera oportunidad en el Tricolor mayor en un amistoso ante Bolivia en junio del 2024 y desde entonces sigui\u00f3 con categor\u00edas menores. Poco a poco se gan\u00f3 reflectores debido a su buen funcionamiento.<br \/>\nEste a\u00f1o, Aguirre lo convoc\u00f3 para los juegos amistosos ante Panam\u00e1 y Bolivia en enero pasado. Ante los bolivianos tuvo actividad y dej\u00f3 sensaciones positivas, pero la competencia era dura contra Marcel Ruiz, Fidalgo y los ausentes Luis Ch\u00e1vez y Gil Mora, quienes ya estaban lesionados.<br \/>\nAnte las bajas de Mora, Ch\u00e1vez y Marcel, Denzell naci\u00f3 como el \u00fanico cambio natural a lo que puede aportar \u00c1lvaro Fidalgo, quien destac\u00f3 en su primera convocatoria de la Selecci\u00f3n Nacional para los amistosos ante Portugal y B\u00e9lgica.<br \/>\nLas condiciones de Denzell, quien puede jugar como medio centro, volante interior, doble contenci\u00f3n o incluso un poco m\u00e1s retrasado hacia la defensa, lo hacen un jugador que le puede dar a Aguirre lo que quiere, que jueguen en varias posiciones.<br \/>\nLa competencia con Fidalgo no es sencilla, pero a Garc\u00eda se le abren las puertas debido a que tiene efectividad superior al 85 por ciento en pases al tercer hombre, busca a compa\u00f1eros entre l\u00edneas y tiene una buena ubicaci\u00f3n en el campo.<br \/>\nCon la Selecci\u00f3n Nacional Mexicana convertida en un hospital y el primer llamado de \u00c1lvaro Fidalgo, Denzell Garc\u00eda destaca como una de las opciones m\u00e1s nuevas del \u2018Vasco\u2019 Aguirre de cara al Mundial 2026.<\/p>\n","protected":false},"excerpt":{"rendered":"<p>El mediocampista de Ju\u00e1rez puede cubrir varias posiciones y se meti\u00f3 a la convocatoria de la Selecci\u00f3n Mexicana en la \u00faltima fecha FIFA previo al Mundial. Denzell Garc\u00eda se convirti\u00f3 en el plan B de Javier Aguirre con la Selecci\u00f3n Nacional. El mediocampista azteca, que milita en los Bravos de Ju\u00e1rez, llam\u00f3 la atenci\u00f3n del [&hellip;]<\/p>\n","protected":false},"author":8,"featured_media":60448,"comment_status":"closed","ping_status":"closed","sticky":false,"template":"","format":"standard","meta":{"footnotes":""},"categories":[43],"tags":[],"class_list":["post-60447","post","type-post","status-publish","format-standard","has-post-thumbnail","hentry","category-deportes"],"jetpack-related-posts":[],"_links":{"self":[{"href":"https:\/\/circulorojoslp.com\/index.php?rest_route=\/wp\/v2\/posts\/60447"}],"collection":[{"href":"https:\/\/circulorojoslp.com\/index.php?rest_route=\/wp\/v2\/posts"}],"about":[{"href":"https:\/\/circulorojoslp.com\/index.php?rest_route=\/wp\/v2\/types\/post"}],"author":[{"embeddable":true,"href":"https:\/\/circulorojoslp.com\/index.php?rest_route=\/wp\/v2\/users\/8"}],"replies":[{"embeddable":true,"href":"https:\/\/circulorojoslp.com\/index.php?rest_route=%2Fwp%2Fv2%2Fcomments&post=60447"}],"version-history":[{"count":0,"href":"https:\/\/circulorojoslp.com\/index.php?rest_route=\/wp\/v2\/posts\/60447\/revisions"}],"wp:featuredmedia":[{"embeddable":true,"href":"https:\/\/circulorojoslp.com\/index.php?rest_route=\/wp\/v2\/media\/60448"}],"wp:attachment":[{"href":"https:\/\/circulorojoslp.com\/index.php?rest_route=%2Fwp%2Fv2%2Fmedia&parent=60447"}],"wp:term":[{"taxonomy":"category","embeddable":true,"href":"https:\/\/circulorojoslp.com\/index.php?rest_route=%2Fwp%2Fv2%2Fcategories&post=60447"},{"taxonomy":"post_tag","embeddable":true,"href":"https:\/\/circulorojoslp.com\/index.php?rest_route=%2Fwp%2Fv2%2Ftags&post=60447"}],"curies":[{"name":"wp","href":"https:\/\/api.w.org\/{rel}","templated":true}]}}