{"id":60369,"date":"2026-03-18T22:47:33","date_gmt":"2026-03-19T04:47:33","guid":{"rendered":"https:\/\/circulorojoslp.com\/?p=60369"},"modified":"2026-03-18T22:47:33","modified_gmt":"2026-03-19T04:47:33","slug":"villa-de-pozos-fortalece-estrategias-de-prevencion-y-combate-de-incendios","status":"publish","type":"post","link":"https:\/\/circulorojoslp.com\/?p=60369","title":{"rendered":"VILLA DE POZOS FORTALECE ESTRATEGIAS DE PREVENCI\u00d3N Y COMBATE DE INCENDIOS"},"content":{"rendered":"<p>\u2013 Paty Aradillas particip\u00f3 en la Reuni\u00f3n de Coordinaci\u00f3n para el Manejo del Fuego en Superficies Afectadas.<br \/>\nEl Gobierno Municipal de Villa de Pozos reafirma su compromiso con la seguridad, la protecci\u00f3n del medio ambiente y la atenci\u00f3n oportuna de emergencias, al participar en una mesa de trabajo interinstitucional enfocada en fortalecer las estrategias de prevenci\u00f3n y combate de incendios en el estado, para garantizar el bienestar de las y los habitantes.<br \/>\nDurante la Reuni\u00f3n de Coordinaci\u00f3n para el Manejo del Fuego en Superficies Afectadas, encabezada por el gobernador del estado, Ricardo Gallardo Cardona, y la coordinadora nacional de Protecci\u00f3n Civil, Laura Vel\u00e1zquez Alz\u00faa, se destac\u00f3 la importancia de la colaboraci\u00f3n entre los tres \u00f3rdenes de gobierno para hacer frente a los riesgos que representan los incendios forestales y urbanos.<br \/>\nLa Presidenta Concejal de Villa de Pozos, Paty Aradillas, subray\u00f3 que en el municipio se han reforzado las acciones preventivas mediante capacitaci\u00f3n, monitoreo y atenci\u00f3n inmediata ante cualquier contingencia, lo que ha permitido mantener controlada la incidencia de estos siniestros, adem\u00e1s inform\u00f3 que, a la fecha, solo se ha registrado un incendio forestal en el municipio, y elementos de Protecci\u00f3n Civil Municipal han brindado apoyo en atenci\u00f3n de emergencias en municipios vecinos, lo que demuestra su capacidad operativa y compromiso solidario.<br \/>\nFinalmente, en el encuentro tambi\u00e9n se hizo un llamado a la ciudadan\u00eda para sumarse a las acciones preventivas y evitar pr\u00e1cticas que puedan provocar incendios, con el fin de proteger tanto a la poblaci\u00f3n como a los recursos naturales; lo que reitera el compromiso del municipio de trabajar de manera coordinada con las autoridades estatales y federales, para estrategias que garanticen la seguridad y el bienestar de las y los habitantes.<\/p>\n","protected":false},"excerpt":{"rendered":"<p>\u2013 Paty Aradillas particip\u00f3 en la Reuni\u00f3n de Coordinaci\u00f3n para el Manejo del Fuego en Superficies Afectadas. El Gobierno Municipal de Villa de Pozos reafirma su compromiso con la seguridad, la protecci\u00f3n del medio ambiente y la atenci\u00f3n oportuna de emergencias, al participar en una mesa de trabajo interinstitucional enfocada en fortalecer las estrategias de [&hellip;]<\/p>\n","protected":false},"author":8,"featured_media":60370,"comment_status":"closed","ping_status":"closed","sticky":false,"template":"","format":"standard","meta":{"footnotes":""},"categories":[59],"tags":[],"class_list":["post-60369","post","type-post","status-publish","format-standard","has-post-thumbnail","hentry","category-villadepozos"],"jetpack-related-posts":[],"_links":{"self":[{"href":"https:\/\/circulorojoslp.com\/index.php?rest_route=\/wp\/v2\/posts\/60369"}],"collection":[{"href":"https:\/\/circulorojoslp.com\/index.php?rest_route=\/wp\/v2\/posts"}],"about":[{"href":"https:\/\/circulorojoslp.com\/index.php?rest_route=\/wp\/v2\/types\/post"}],"author":[{"embeddable":true,"href":"https:\/\/circulorojoslp.com\/index.php?rest_route=\/wp\/v2\/users\/8"}],"replies":[{"embeddable":true,"href":"https:\/\/circulorojoslp.com\/index.php?rest_route=%2Fwp%2Fv2%2Fcomments&post=60369"}],"version-history":[{"count":0,"href":"https:\/\/circulorojoslp.com\/index.php?rest_route=\/wp\/v2\/posts\/60369\/revisions"}],"wp:featuredmedia":[{"embeddable":true,"href":"https:\/\/circulorojoslp.com\/index.php?rest_route=\/wp\/v2\/media\/60370"}],"wp:attachment":[{"href":"https:\/\/circulorojoslp.com\/index.php?rest_route=%2Fwp%2Fv2%2Fmedia&parent=60369"}],"wp:term":[{"taxonomy":"category","embeddable":true,"href":"https:\/\/circulorojoslp.com\/index.php?rest_route=%2Fwp%2Fv2%2Fcategories&post=60369"},{"taxonomy":"post_tag","embeddable":true,"href":"https:\/\/circulorojoslp.com\/index.php?rest_route=%2Fwp%2Fv2%2Ftags&post=60369"}],"curies":[{"name":"wp","href":"https:\/\/api.w.org\/{rel}","templated":true}]}}