{"id":60210,"date":"2026-03-10T23:08:12","date_gmt":"2026-03-11T05:08:12","guid":{"rendered":"https:\/\/circulorojoslp.com\/?p=60210"},"modified":"2026-03-10T23:08:12","modified_gmt":"2026-03-11T05:08:12","slug":"gobierno-estatal-crea-coordinacion-de-personas-con-discapacidad","status":"publish","type":"post","link":"https:\/\/circulorojoslp.com\/?p=60210","title":{"rendered":"GOBIERNO ESTATAL CREA COORDINACI\u00d3N DE PERSONAS CON DISCAPACIDAD"},"content":{"rendered":"<p>\u2022 Garantizar\u00e1 una atenci\u00f3n p\u00fablica eficiente y eficaz; modelo en la implementaci\u00f3n de pol\u00edticas p\u00fablicas con perspectiva de derechos humanos.<br \/>\nSiguiendo la instrucci\u00f3n del Gobernador Ricardo Gallardo Cardona de consolidar un modelo de inclusi\u00f3n sin l\u00edmites y perspectiva de derechos humanos, la Secretar\u00eda General de Gobierno (SGG) anunci\u00f3 la puesta en marcha de la Coordinaci\u00f3n de Atenci\u00f3n a Personas con Discapacidad. Estar\u00e1 adscrita a la Subsecretar\u00eda de Derechos Humanos y Asuntos Jur\u00eddicos y su funci\u00f3n ser\u00e1 articular esfuerzos interinstitucionales, generar informaci\u00f3n especializada y promover la accesibilidad de este sector poblacional a los servicios que brinda la administraci\u00f3n.<br \/>\nEl secretario General de Gobierno, J. Guadalupe Torres S\u00e1nchez, tom\u00f3 protesta a Isis Libertad Lara Felipe, quien estar\u00e1 a cargo de la nueva Coordinaci\u00f3n que se enmarca dentro de las acciones del Plan Estatal de Desarrollo 2021\u20132027. Lara Felipe se comprometi\u00f3 a elaborar los diagn\u00f3sticos estatales y sectoriales que sean necesarios para el dise\u00f1o e implementaci\u00f3n de mecanismos accesibles de participaci\u00f3n y consulta, adem\u00e1s de coordinar la pol\u00edtica p\u00fablica Estatal en la materia.<br \/>\nLara Felipe, quien posee una larga trayectoria en la atenci\u00f3n de grupos en situaci\u00f3n de vulnerabilidad y es una destacada activista y profesional de la salud mental, contar\u00e1 con un espacio dentro de palacio de Gobierno, donde acompa\u00f1ar\u00e1 el cambio que se vive y se siente con atenci\u00f3n directa, digna y eficiente a potosinas y potosinos en esta condici\u00f3n.<\/p>\n","protected":false},"excerpt":{"rendered":"<p>\u2022 Garantizar\u00e1 una atenci\u00f3n p\u00fablica eficiente y eficaz; modelo en la implementaci\u00f3n de pol\u00edticas p\u00fablicas con perspectiva de derechos humanos. Siguiendo la instrucci\u00f3n del Gobernador Ricardo Gallardo Cardona de consolidar un modelo de inclusi\u00f3n sin l\u00edmites y perspectiva de derechos humanos, la Secretar\u00eda General de Gobierno (SGG) anunci\u00f3 la puesta en marcha de la Coordinaci\u00f3n [&hellip;]<\/p>\n","protected":false},"author":8,"featured_media":60211,"comment_status":"closed","ping_status":"closed","sticky":false,"template":"","format":"standard","meta":{"footnotes":""},"categories":[2],"tags":[],"class_list":["post-60210","post","type-post","status-publish","format-standard","has-post-thumbnail","hentry","category-locales"],"jetpack-related-posts":[],"_links":{"self":[{"href":"https:\/\/circulorojoslp.com\/index.php?rest_route=\/wp\/v2\/posts\/60210"}],"collection":[{"href":"https:\/\/circulorojoslp.com\/index.php?rest_route=\/wp\/v2\/posts"}],"about":[{"href":"https:\/\/circulorojoslp.com\/index.php?rest_route=\/wp\/v2\/types\/post"}],"author":[{"embeddable":true,"href":"https:\/\/circulorojoslp.com\/index.php?rest_route=\/wp\/v2\/users\/8"}],"replies":[{"embeddable":true,"href":"https:\/\/circulorojoslp.com\/index.php?rest_route=%2Fwp%2Fv2%2Fcomments&post=60210"}],"version-history":[{"count":0,"href":"https:\/\/circulorojoslp.com\/index.php?rest_route=\/wp\/v2\/posts\/60210\/revisions"}],"wp:featuredmedia":[{"embeddable":true,"href":"https:\/\/circulorojoslp.com\/index.php?rest_route=\/wp\/v2\/media\/60211"}],"wp:attachment":[{"href":"https:\/\/circulorojoslp.com\/index.php?rest_route=%2Fwp%2Fv2%2Fmedia&parent=60210"}],"wp:term":[{"taxonomy":"category","embeddable":true,"href":"https:\/\/circulorojoslp.com\/index.php?rest_route=%2Fwp%2Fv2%2Fcategories&post=60210"},{"taxonomy":"post_tag","embeddable":true,"href":"https:\/\/circulorojoslp.com\/index.php?rest_route=%2Fwp%2Fv2%2Ftags&post=60210"}],"curies":[{"name":"wp","href":"https:\/\/api.w.org\/{rel}","templated":true}]}}