{"id":59845,"date":"2026-02-25T22:44:14","date_gmt":"2026-02-26T04:44:14","guid":{"rendered":"https:\/\/circulorojoslp.com\/?p=59845"},"modified":"2026-02-25T22:44:14","modified_gmt":"2026-02-26T04:44:14","slug":"aprobada-reforma-constitucional-federal-en-reduccion-de-jornada-laboral","status":"publish","type":"post","link":"https:\/\/circulorojoslp.com\/?p=59845","title":{"rendered":"Aprobada reforma constitucional federal en reducci\u00f3n de jornada laboral"},"content":{"rendered":"<p>En Sesi\u00f3n Extraordinaria, la LXIV Legislatura del Congreso del Estado aprob\u00f3 por unanimidad la Minuta de Reforma Constitucional por la que se reforman las fracciones IV y XI del apartado A del Art\u00edculo 123, de la Constituci\u00f3n Pol\u00edtica de los Estados Unidos Mexicanos, en materia de reducci\u00f3n de la jornada laboral, enviada por la C\u00e1mara de Diputados.<br \/>\n\u00a0<br \/>\nLa reforma constitucional para la reducci\u00f3n de la jornada laboral en M\u00e9xico, tiene como objetivo principal disminuir la semana laboral de 48 a 40 horas, promoviendo el bienestar, la salud y la calidad de vida de las trabajadoras y los trabajadores.<br \/>\n\u00a0<br \/>\nEl diputado Carlos Arreola Mallol, presidente de la Comisi\u00f3n de Puntos Constitucionales, se\u00f1al\u00f3 que con esta reforma se busca un equilibrio entre la vida personal y laboral, sin reducir el salario. Los objetivos principales incluyen la implementaci\u00f3n gradual, ya que esta reducci\u00f3n ser\u00e1 progresiva comenzando en 2027 y concluyendo en 2030, para que las empresas reestructuren turnos sin un choque financiero inmediato.<br \/>\n\u00a0<br \/>\nAs\u00ed, se establece que la jornada laboral ser\u00e1 de cuarenta horas semanales; por cada seis d\u00edas de trabajo las personas trabajadoras deber\u00e1n disfrutar por lo menos de un d\u00eda de descanso con goce de salario \u00edntegro.\u00b4<br \/>\n\u00a0<br \/>\nEsto permitir\u00e1 una mejora de la calidad de vida, al incrementar el tiempo de descanso y convivencia familiar, aline\u00e1ndose con est\u00e1ndares internacionales de la Organizaci\u00f3n Internacional del Trabajo.<br \/>\n\u00a0<br \/>\nSe\u00f1al\u00f3 que se garantiza la protecci\u00f3n del salario, ya que la reducci\u00f3n de horas no implica una disminuci\u00f3n en el salario ni en las prestaciones de los trabajadores.<br \/>\n\u00a0<br \/>\nAdem\u00e1s, se eliminan los l\u00edmites a las horas extraordinarias para establecer topes m\u00e1ximos m\u00e1s claros a las horas extraordinarias, y se establece que, cuando por circunstancias extraordinarias deban aumentarse las horas de la jornada, se abonar\u00e1 como salario por este tiempo un cien por ciento m\u00e1s de lo fijado para las horas ordinarias.<br \/>\n\u00a0<br \/>\nEl trabajo extraordinario no exceder\u00e1 de doce horas en una semana, las cuales podr\u00e1n distribuirse en hasta cuatro horas diarias, en un m\u00e1ximo de cuatro d\u00edas en ese periodo. La prolongaci\u00f3n del tiempo extraordinario que supere lo establecido obliga a la persona empleadora a pagar doscientos por ciento m\u00e1s del salario que corresponda a las horas de la jornada ordinaria conforme a lo establecido en la Ley de la materia<br \/>\n\u00a0<br \/>\nSe garantiza la justicia social, al reconocer al trabajador como el centro de la riqueza social, buscando que \u201ctrabajen mejor y vivan mejor\u201d, y se realiza una protecci\u00f3n de las personas menores de dieciocho a\u00f1os, que no podr\u00e1n laborar tiempo extraordinario.<br \/>\n\u00a0<br \/>\nEn la discusi\u00f3n del dictamen, participaron las y los legisladores Carlos Arreola Mallol, C\u00e9sar Arturo Lara Rocha, Cris\u00f3gono P\u00e9rez L\u00f3pez, Roberto Garc\u00eda Castillo, Nancy Jeanine Garc\u00eda Mart\u00ednez, Luis Emilio Rosas Montiel Marco Antonio Gama Basarte, Luis Fernando G\u00e1mez Mac\u00edas, Sara Rocha Medina, Frinn\u00e9 Azuara Yarz\u00e1bal, y Rub\u00e9n Guajardo Barrera.<br \/>\n\u00a0<br \/>\nEn Asuntos Generales, la diputada Diana Ruelas Gait\u00e1n present\u00f3 posicionamiento en relaci\u00f3n a los buenos resultados del operativo estrat\u00e9gico de seguridad realizado por el Gobierno del Estado, encabezado por el gobernador Ricardo Gallardo Cardona, el pasado fin de semana que permiti\u00f3 que San Luis Potos\u00ed permaneciera en saldo blanco, garantizando la coordinaci\u00f3n con autoridades federales y municipales para beneficio de la ciudadan\u00eda.<\/p>\n","protected":false},"excerpt":{"rendered":"<p>En Sesi\u00f3n Extraordinaria, la LXIV Legislatura del Congreso del Estado aprob\u00f3 por unanimidad la Minuta de Reforma Constitucional por la que se reforman las fracciones IV y XI del apartado A del Art\u00edculo 123, de la Constituci\u00f3n Pol\u00edtica de los Estados Unidos Mexicanos, en materia de reducci\u00f3n de la jornada laboral, enviada por la C\u00e1mara [&hellip;]<\/p>\n","protected":false},"author":8,"featured_media":59846,"comment_status":"closed","ping_status":"closed","sticky":false,"template":"","format":"standard","meta":{"footnotes":""},"categories":[53],"tags":[],"class_list":["post-59845","post","type-post","status-publish","format-standard","has-post-thumbnail","hentry","category-congreso"],"jetpack-related-posts":[],"_links":{"self":[{"href":"https:\/\/circulorojoslp.com\/index.php?rest_route=\/wp\/v2\/posts\/59845"}],"collection":[{"href":"https:\/\/circulorojoslp.com\/index.php?rest_route=\/wp\/v2\/posts"}],"about":[{"href":"https:\/\/circulorojoslp.com\/index.php?rest_route=\/wp\/v2\/types\/post"}],"author":[{"embeddable":true,"href":"https:\/\/circulorojoslp.com\/index.php?rest_route=\/wp\/v2\/users\/8"}],"replies":[{"embeddable":true,"href":"https:\/\/circulorojoslp.com\/index.php?rest_route=%2Fwp%2Fv2%2Fcomments&post=59845"}],"version-history":[{"count":0,"href":"https:\/\/circulorojoslp.com\/index.php?rest_route=\/wp\/v2\/posts\/59845\/revisions"}],"wp:featuredmedia":[{"embeddable":true,"href":"https:\/\/circulorojoslp.com\/index.php?rest_route=\/wp\/v2\/media\/59846"}],"wp:attachment":[{"href":"https:\/\/circulorojoslp.com\/index.php?rest_route=%2Fwp%2Fv2%2Fmedia&parent=59845"}],"wp:term":[{"taxonomy":"category","embeddable":true,"href":"https:\/\/circulorojoslp.com\/index.php?rest_route=%2Fwp%2Fv2%2Fcategories&post=59845"},{"taxonomy":"post_tag","embeddable":true,"href":"https:\/\/circulorojoslp.com\/index.php?rest_route=%2Fwp%2Fv2%2Ftags&post=59845"}],"curies":[{"name":"wp","href":"https:\/\/api.w.org\/{rel}","templated":true}]}}