{"id":59351,"date":"2026-02-12T20:05:13","date_gmt":"2026-02-13T02:05:13","guid":{"rendered":"https:\/\/circulorojoslp.com\/?p=59351"},"modified":"2026-02-12T20:05:13","modified_gmt":"2026-02-13T02:05:13","slug":"paty-aradillas-fortalece-lazos-con-el-sector-industrial","status":"publish","type":"post","link":"https:\/\/circulorojoslp.com\/?p=59351","title":{"rendered":"PATY ARADILLAS FORTALECE LAZOS CON EL SECTOR INDUSTRIAL"},"content":{"rendered":"<p>-Se reuni\u00f3 con directivos del parque industrial \u201cColinas del Parque\u201d con quien se coordinar\u00e1n para impulsar acciones ambientales.<br \/>\nCon el objetivo de fortalecer la coordinaci\u00f3n con el sector industrial, en el marco del dinamismo econ\u00f3mico que vive la zona y su creciente actividad productiva, la Presidenta Concejal de Villa de Pozos, Paty Aradillas, sostuvo una reuni\u00f3n de trabajo con directivos del Parque Industrial Colinas del Parque y representantes de la empresa nipona Nissin.<br \/>\nLa Presidenta Concejal, Paty Aradillas, se\u00f1al\u00f3 que este tipo de encuentros permiten consolidar una relaci\u00f3n cercana con las empresas que impulsan el desarrollo de la regi\u00f3n, y destac\u00f3 que Villa de Pozos, por su ubicaci\u00f3n estrat\u00e9gica, debe avanzar de la mano con el sector industrial para generar beneficios directos para la poblaci\u00f3n, al promover acciones conjuntas que fortalezcan el entorno urbano, el cuidado ambiental y la mejora de la calidad de vida.<br \/>\nDurante el encuentro, la Presidenta Concejal solicit\u00f3 el respaldo de las empresas para impulsar acciones ambientales en el municipio, principalmente a trav\u00e9s de la donaci\u00f3n de \u00e1rboles que permitan avanzar en la recuperaci\u00f3n y reforestaci\u00f3n de \u00e1reas verdes, como parte de la mejora urbana.<br \/>\nLa reuni\u00f3n se fortaleci\u00f3 con la presencia del titular de la Secretar\u00eda de Desarrollo Econ\u00f3mico (SEDECO), Salvador Gonz\u00e1lez Mart\u00ednez, quien destac\u00f3 la importancia de generar alianzas entre los municipios y la iniciativa privada para consolidar un desarrollo equilibrado, con responsabilidad social y compromiso ambiental.<br \/>\nPor su parte, directivos de la empresa reconocieron el trabajo que se realiza ya como un municipio constituido, al se\u00f1alar que su posici\u00f3n geogr\u00e1fica lo coloca como un punto estrat\u00e9gico a nivel internacional, al ubicarse en el coraz\u00f3n de la zona industrial y de la din\u00e1mica econ\u00f3mica de San Luis Potos\u00ed.<br \/>\nPATY ARADILLAS FORTALECE LAZOS CON EL SECTOR INDUSTRIAL<\/p>\n","protected":false},"excerpt":{"rendered":"<p>-Se reuni\u00f3 con directivos del parque industrial \u201cColinas del Parque\u201d con quien se coordinar\u00e1n para impulsar acciones ambientales. Con el objetivo de fortalecer la coordinaci\u00f3n con el sector industrial, en el marco del dinamismo econ\u00f3mico que vive la zona y su creciente actividad productiva, la Presidenta Concejal de Villa de Pozos, Paty Aradillas, sostuvo una [&hellip;]<\/p>\n","protected":false},"author":8,"featured_media":0,"comment_status":"closed","ping_status":"closed","sticky":false,"template":"","format":"standard","meta":{"footnotes":""},"categories":[59],"tags":[],"class_list":["post-59351","post","type-post","status-publish","format-standard","hentry","category-villadepozos"],"jetpack-related-posts":[],"_links":{"self":[{"href":"https:\/\/circulorojoslp.com\/index.php?rest_route=\/wp\/v2\/posts\/59351"}],"collection":[{"href":"https:\/\/circulorojoslp.com\/index.php?rest_route=\/wp\/v2\/posts"}],"about":[{"href":"https:\/\/circulorojoslp.com\/index.php?rest_route=\/wp\/v2\/types\/post"}],"author":[{"embeddable":true,"href":"https:\/\/circulorojoslp.com\/index.php?rest_route=\/wp\/v2\/users\/8"}],"replies":[{"embeddable":true,"href":"https:\/\/circulorojoslp.com\/index.php?rest_route=%2Fwp%2Fv2%2Fcomments&post=59351"}],"version-history":[{"count":0,"href":"https:\/\/circulorojoslp.com\/index.php?rest_route=\/wp\/v2\/posts\/59351\/revisions"}],"wp:attachment":[{"href":"https:\/\/circulorojoslp.com\/index.php?rest_route=%2Fwp%2Fv2%2Fmedia&parent=59351"}],"wp:term":[{"taxonomy":"category","embeddable":true,"href":"https:\/\/circulorojoslp.com\/index.php?rest_route=%2Fwp%2Fv2%2Fcategories&post=59351"},{"taxonomy":"post_tag","embeddable":true,"href":"https:\/\/circulorojoslp.com\/index.php?rest_route=%2Fwp%2Fv2%2Ftags&post=59351"}],"curies":[{"name":"wp","href":"https:\/\/api.w.org\/{rel}","templated":true}]}}