{"id":59350,"date":"2026-02-12T20:03:01","date_gmt":"2026-02-13T02:03:01","guid":{"rendered":"https:\/\/circulorojoslp.com\/?p=59350"},"modified":"2026-02-12T20:03:01","modified_gmt":"2026-02-13T02:03:01","slug":"villa-de-pozos-invita-a-la-poblacion-a-participar-en-la-campana-donar-salva-vidas","status":"publish","type":"post","link":"https:\/\/circulorojoslp.com\/?p=59350","title":{"rendered":"VILLA DE POZOS INVITA A LA POBLACI\u00d3N A PARTICIPAR EN LA CAMPA\u00d1A \u201cDONAR SALVA VIDAS\u201d"},"content":{"rendered":"<p>\u2013 En apoyo a infancias y adolescentes con c\u00e1ncer, el DIF Municipal de Villa de Pozos invita a la ciudadan\u00eda a participar en la Campa\u00f1a de Recolecci\u00f3n de Tapitas de Pl\u00e1stico, la recepci\u00f3n se llevar\u00e1 a cabo en las instalaciones del DIF Municipal de 8:00 a 15:00 horas.<br \/>\nEl Gobierno Municipal de Villa de Pozos, a trav\u00e9s del Sistema Municipal DIF de Villa de Pozos, invita a la poblaci\u00f3n a apoyar en la Campa\u00f1a de Recolecci\u00f3n de Tapitas de Pl\u00e1stico, una acci\u00f3n solidaria con el prop\u00f3sito de brindar apoyo a infancias y adolescentes que enfrentan el c\u00e1ncer.<br \/>\nLa titular del Sistema Municipal DIF, Laura Angelica Villanueva, mencion\u00f3 que la recepci\u00f3n de tapas de envases PET se llevar\u00e1 a cabo en las instalaciones del DIF Municipal, ubicadas en calle Viller\u00edas n\u00famero 305, en la cabecera municipal, en un horario de 8 de la ma\u00f1ana a 3 de la tarde, facilitando la participaci\u00f3n de las y los poce\u00f1os que deseen sumarse a esta causa.<br \/>\nLas tapitas recolectadas a trav\u00e9s de esta campa\u00f1a, ser\u00e1n destinadas para generar recursos para tratamientos m\u00e9dicos y apoyos complementarios, siendo este un gesto sencillo convertido en una acci\u00f3n que salva vidas.<br \/>\nEl DIF Municipal de Villa de Pozos, hace un llamado a la poblaci\u00f3n para participar y demostrar que, con peque\u00f1as acciones se puede brindar grandes beneficios a quienes m\u00e1s lo necesitan; con esto el Gobierno Municipal de Villa de Pozos refrenda su compromiso de realizar campa\u00f1as para brindar apoyo y recursos para la salud y el bienestar de la ciudadan\u00eda.<br \/>\nVILLA DE POZOS INVITA A LA POBLACI\u00d3N A PARTICIPAR EN LA CAMPA\u00d1A \u201cDONAR SALVA VIDAS\u201d<\/p>\n","protected":false},"excerpt":{"rendered":"<p>\u2013 En apoyo a infancias y adolescentes con c\u00e1ncer, el DIF Municipal de Villa de Pozos invita a la ciudadan\u00eda a participar en la Campa\u00f1a de Recolecci\u00f3n de Tapitas de Pl\u00e1stico, la recepci\u00f3n se llevar\u00e1 a cabo en las instalaciones del DIF Municipal de 8:00 a 15:00 horas. El Gobierno Municipal de Villa de Pozos, [&hellip;]<\/p>\n","protected":false},"author":8,"featured_media":0,"comment_status":"closed","ping_status":"closed","sticky":false,"template":"","format":"standard","meta":{"footnotes":""},"categories":[59],"tags":[],"class_list":["post-59350","post","type-post","status-publish","format-standard","hentry","category-villadepozos"],"jetpack-related-posts":[],"_links":{"self":[{"href":"https:\/\/circulorojoslp.com\/index.php?rest_route=\/wp\/v2\/posts\/59350"}],"collection":[{"href":"https:\/\/circulorojoslp.com\/index.php?rest_route=\/wp\/v2\/posts"}],"about":[{"href":"https:\/\/circulorojoslp.com\/index.php?rest_route=\/wp\/v2\/types\/post"}],"author":[{"embeddable":true,"href":"https:\/\/circulorojoslp.com\/index.php?rest_route=\/wp\/v2\/users\/8"}],"replies":[{"embeddable":true,"href":"https:\/\/circulorojoslp.com\/index.php?rest_route=%2Fwp%2Fv2%2Fcomments&post=59350"}],"version-history":[{"count":0,"href":"https:\/\/circulorojoslp.com\/index.php?rest_route=\/wp\/v2\/posts\/59350\/revisions"}],"wp:attachment":[{"href":"https:\/\/circulorojoslp.com\/index.php?rest_route=%2Fwp%2Fv2%2Fmedia&parent=59350"}],"wp:term":[{"taxonomy":"category","embeddable":true,"href":"https:\/\/circulorojoslp.com\/index.php?rest_route=%2Fwp%2Fv2%2Fcategories&post=59350"},{"taxonomy":"post_tag","embeddable":true,"href":"https:\/\/circulorojoslp.com\/index.php?rest_route=%2Fwp%2Fv2%2Ftags&post=59350"}],"curies":[{"name":"wp","href":"https:\/\/api.w.org\/{rel}","templated":true}]}}