{"id":59332,"date":"2026-02-10T21:31:14","date_gmt":"2026-02-11T03:31:14","guid":{"rendered":"https:\/\/circulorojoslp.com\/?p=59332"},"modified":"2026-02-10T21:31:14","modified_gmt":"2026-02-11T03:31:14","slug":"con-talleres-villa-de-pozos-impulsa-habilidades-en-jovenes","status":"publish","type":"post","link":"https:\/\/circulorojoslp.com\/?p=59332","title":{"rendered":"CON TALLERES VILLA DE POZOS IMPULSA HABILIDADES EN J\u00d3VENES"},"content":{"rendered":"<p>\u2013 Invita a j\u00f3venes a participar en el Curso de Barber\u00eda que se llevar\u00e1 a cabo lunes y mi\u00e9rcoles en las instalaciones del Instituto Municipal de la Juventud, las inscripciones ya est\u00e1n abiertas.<br \/>\nCon el objetivo de brindar herramientas de capacitaci\u00f3n y fomentar el autoempleo entre el sector juvenil, el Instituto Municipal de la Juventud de Villa de Pozos a trav\u00e9s de la Escuela Municipal de Artes y Oficios, invita a la poblaci\u00f3n interesada a inscribirse al Curso de Barber\u00eda que se llevar\u00e1 a cabo lunes y mi\u00e9rcoles en las instalaciones del Instituto Municipal de la Juventud, ubicado en Calle 71 equina con Calle Prolongaci\u00f3n 30.<br \/>\nEl titular del Instituto Municipal de la Juventud, Jos\u00e9 de Jes\u00fas Ortiz Espinosa, destac\u00f3 que este curso representa una oportunidad para capacitarse en el \u00e1mbito del estilo y la moda masculina, adem\u00e1s de permitir que las y los participantes desarrollen habilidades pr\u00e1cticas que contribuyan a la generaci\u00f3n de ingresos y al fortalecimiento de proyectos personales y de emprendimiento.<br \/>\nAsimismo, explic\u00f3 que las sesiones se impartir\u00e1n en un horario de 5:00 a 6:00 de la tarde y estar\u00e1n a cargo de Jos\u00e9 Guillermo Couti\u00f1o y Karla Edith Guerrero, quienes brindar\u00e1n orientaci\u00f3n y acompa\u00f1amiento durante el proceso de aprendizaje.<br \/>\nPara informaci\u00f3n sobre inscripciones y costos, las y los interesados deber\u00e1n acudir a las instalaciones del Instituto Municipal de la Juventud, del lunes 9 a viernes 13 de febrero, en horario de oficina; con esto el Gobierno Municipal de Villa de Pozos refrenda su compromiso de impulsar la capacitaci\u00f3n, el emprendimiento y el desarrollo del talento local.<br \/>\nCON TALLERES VILLA DE POZOS IMPULSA HABILIDADES EN J\u00d3VENES<\/p>\n","protected":false},"excerpt":{"rendered":"<p>\u2013 Invita a j\u00f3venes a participar en el Curso de Barber\u00eda que se llevar\u00e1 a cabo lunes y mi\u00e9rcoles en las instalaciones del Instituto Municipal de la Juventud, las inscripciones ya est\u00e1n abiertas. Con el objetivo de brindar herramientas de capacitaci\u00f3n y fomentar el autoempleo entre el sector juvenil, el Instituto Municipal de la Juventud [&hellip;]<\/p>\n","protected":false},"author":8,"featured_media":0,"comment_status":"closed","ping_status":"closed","sticky":false,"template":"","format":"standard","meta":{"footnotes":""},"categories":[59],"tags":[],"class_list":["post-59332","post","type-post","status-publish","format-standard","hentry","category-villadepozos"],"jetpack-related-posts":[],"_links":{"self":[{"href":"https:\/\/circulorojoslp.com\/index.php?rest_route=\/wp\/v2\/posts\/59332"}],"collection":[{"href":"https:\/\/circulorojoslp.com\/index.php?rest_route=\/wp\/v2\/posts"}],"about":[{"href":"https:\/\/circulorojoslp.com\/index.php?rest_route=\/wp\/v2\/types\/post"}],"author":[{"embeddable":true,"href":"https:\/\/circulorojoslp.com\/index.php?rest_route=\/wp\/v2\/users\/8"}],"replies":[{"embeddable":true,"href":"https:\/\/circulorojoslp.com\/index.php?rest_route=%2Fwp%2Fv2%2Fcomments&post=59332"}],"version-history":[{"count":0,"href":"https:\/\/circulorojoslp.com\/index.php?rest_route=\/wp\/v2\/posts\/59332\/revisions"}],"wp:attachment":[{"href":"https:\/\/circulorojoslp.com\/index.php?rest_route=%2Fwp%2Fv2%2Fmedia&parent=59332"}],"wp:term":[{"taxonomy":"category","embeddable":true,"href":"https:\/\/circulorojoslp.com\/index.php?rest_route=%2Fwp%2Fv2%2Fcategories&post=59332"},{"taxonomy":"post_tag","embeddable":true,"href":"https:\/\/circulorojoslp.com\/index.php?rest_route=%2Fwp%2Fv2%2Ftags&post=59332"}],"curies":[{"name":"wp","href":"https:\/\/api.w.org\/{rel}","templated":true}]}}