{"id":5932,"date":"2019-02-11T12:06:14","date_gmt":"2019-02-11T18:06:14","guid":{"rendered":"http:\/\/circulorojoslp.com\/?p=5932"},"modified":"2019-02-11T12:06:14","modified_gmt":"2019-02-11T18:06:14","slug":"amlo-rompe-con-tradicion-de-casi-un-siglo","status":"publish","type":"post","link":"https:\/\/circulorojoslp.com\/?p=5932","title":{"rendered":"AMLO rompe con tradici\u00f3n de casi un siglo"},"content":{"rendered":"<div class=\"field--abstract\">El jefe del Ejecutivo opt\u00f3 por no tener una fotograf\u00eda oficial presidencial y, por tanto, desde el 1 de diciembre tampoco hay este tipo de im\u00e1genes en las oficinas de las dependencias federales<\/div>\n<div class=\"field--netsonic\">\n<div id=\"netsonic-ad-miniplayer\"><\/div>\n<\/div>\n<div class=\"paragraphs-items paragraphs-items-field-paragraphs paragraphs-items-field-paragraphs-full paragraphs-items-full\">\n<div class=\"ds-1col entity entity-paragraphs-item paragraphs-item-text-paragraph view-mode-full clearfix\">\n<div class=\"field--text\">\n<p>Durante sexenios, la fotograf\u00eda presidencial ha sido una costumbre en las oficinas gubernamentales; la imagen del mandatario en turno vigilante e invasivo sobre los servidores p\u00fablicos. Algunos dir\u00e1n que es parte del ceremonial republicano; otros, que alienta el culto a la personalidad. Lo indudable es que al menos desde Abelardo Rod\u00edguez (1932-1934) ha sido una constante en todas las dependencias tener un retrato fotogr\u00e1fico tipo Gran Hermano siempre presente.<\/p>\n<p>Sin embargo, Andr\u00e9s Manuel L\u00f3pez Obrador decidi\u00f3 romper con esa tradici\u00f3n, confirm\u00f3 a MILENIO el equipo de Comunicaci\u00f3n Social de la Presidencia.<\/p>\n<p>El jefe del Ejecutivo opt\u00f3 por no tener una fotograf\u00eda oficial presidencial y, por tanto, desde el 1 de diciembre tampoco hay este tipo de im\u00e1genes en las oficinas de las dependencias federales.<\/p>\n<p>\u201cEs el respeto a la investidura, pero no la promoci\u00f3n de la persona\u201d, asegur\u00f3 Jes\u00fas Ram\u00edrez Cuevas, vocero de la Presidencia.<\/p>\n<p>Esta determinaci\u00f3n del Presidente no es nueva. Durante su gesti\u00f3n en el entonces Distrito Federal (2000-2005), el tabasque\u00f1o tampoco tuvo una fotograf\u00eda oficial como jefe de Gobierno.<\/p>\n<p>En ese tiempo L\u00f3pez Obrador decidi\u00f3 usar, en cambio, una imagen de Benito Ju\u00e1rez y parte de la frase del Benem\u00e9rito de las Am\u00e9ricas: \u201cLos funcionarios p\u00fablicos no pueden disponer de las rentas sin responsabilidad. No pueden improvisar fortunas, ni entregarse al ocio y a la disipaci\u00f3n, sino consagrarse asiduamente al trabajo, disponi\u00e9ndose a vivir en la honrada median\u00eda\u201d.<\/p>\n<p>Distintos integrantes de su primer c\u00edrculo aseguran que, incluso, le han propuesto pagar por la fotograf\u00eda oficial para continuar con la simbolog\u00eda republicana, pero el tabasque\u00f1o lo ha rechazado.<\/p>\n<p>El propio L\u00f3pez Obrador recurre al tema de la austeridad para romper con la tradicional foto presidencial.<\/p>\n<p>En julio pasado, apenas unos d\u00edas despu\u00e9s de ganar la elecci\u00f3n presidencial, en uno de los 50 puntos que enumer\u00f3 como parte de su plan de austeridad republicana en el gobierno, ofrece que desaparecer\u00e1n las partidas para vestuario o cualquier gasto de protocolo y ceremonial dedicado al Presidente, a sus colaboradores cercanos y a familiares.<\/p>\n<p>No obstante su negativa, L\u00f3pez Obrador hizo una excepci\u00f3n. La Secretar\u00eda de la Defensa Nacional (Sedena) le pidi\u00f3 una fotograf\u00eda en su calidad de Comandante Supremo de las Fuerzas Armadas para ubicarla al tope de los escalafones castrenses en las zonas y regiones militares del pa\u00eds, por encima de generales y coroneles.<\/p>\n<p>La imagen fue tomada en el despacho presidencial, en Palacio Nacional, y estar\u00e1 en las instalaciones de la Sedena, aunque est\u00e1 en proceso de entrega.<\/p>\n<p>\u201cEs una foto buena, profesional\u201d, afirm\u00f3 el vocero de la Presidencia, quien aclar\u00f3 que no tuvo ning\u00fan costo porque fue tomada por el propio equipo de Comunicaci\u00f3n Social.<\/p>\n<\/div>\n<\/div>\n<\/div>\n","protected":false},"excerpt":{"rendered":"<p>El jefe del Ejecutivo opt\u00f3 por no tener una fotograf\u00eda oficial presidencial y, por tanto, desde el 1 de diciembre tampoco hay este tipo de im\u00e1genes en las oficinas de las dependencias federales Durante sexenios, la fotograf\u00eda presidencial ha sido una costumbre en las oficinas gubernamentales; la imagen del mandatario en turno vigilante e invasivo [&hellip;]<\/p>\n","protected":false},"author":5,"featured_media":5933,"comment_status":"open","ping_status":"open","sticky":false,"template":"","format":"standard","meta":{"footnotes":""},"categories":[3],"tags":[],"class_list":["post-5932","post","type-post","status-publish","format-standard","has-post-thumbnail","hentry","category-nacionales"],"jetpack-related-posts":[],"_links":{"self":[{"href":"https:\/\/circulorojoslp.com\/index.php?rest_route=\/wp\/v2\/posts\/5932"}],"collection":[{"href":"https:\/\/circulorojoslp.com\/index.php?rest_route=\/wp\/v2\/posts"}],"about":[{"href":"https:\/\/circulorojoslp.com\/index.php?rest_route=\/wp\/v2\/types\/post"}],"author":[{"embeddable":true,"href":"https:\/\/circulorojoslp.com\/index.php?rest_route=\/wp\/v2\/users\/5"}],"replies":[{"embeddable":true,"href":"https:\/\/circulorojoslp.com\/index.php?rest_route=%2Fwp%2Fv2%2Fcomments&post=5932"}],"version-history":[{"count":1,"href":"https:\/\/circulorojoslp.com\/index.php?rest_route=\/wp\/v2\/posts\/5932\/revisions"}],"predecessor-version":[{"id":5934,"href":"https:\/\/circulorojoslp.com\/index.php?rest_route=\/wp\/v2\/posts\/5932\/revisions\/5934"}],"wp:featuredmedia":[{"embeddable":true,"href":"https:\/\/circulorojoslp.com\/index.php?rest_route=\/wp\/v2\/media\/5933"}],"wp:attachment":[{"href":"https:\/\/circulorojoslp.com\/index.php?rest_route=%2Fwp%2Fv2%2Fmedia&parent=5932"}],"wp:term":[{"taxonomy":"category","embeddable":true,"href":"https:\/\/circulorojoslp.com\/index.php?rest_route=%2Fwp%2Fv2%2Fcategories&post=5932"},{"taxonomy":"post_tag","embeddable":true,"href":"https:\/\/circulorojoslp.com\/index.php?rest_route=%2Fwp%2Fv2%2Ftags&post=5932"}],"curies":[{"name":"wp","href":"https:\/\/api.w.org\/{rel}","templated":true}]}}