{"id":59215,"date":"2026-02-02T23:28:57","date_gmt":"2026-02-03T05:28:57","guid":{"rendered":"https:\/\/circulorojoslp.com\/?p=59215"},"modified":"2026-02-02T23:28:57","modified_gmt":"2026-02-03T05:28:57","slug":"villa-de-pozos-realizara-jornada-de-vacunacion-contra-el-sarampion","status":"publish","type":"post","link":"https:\/\/circulorojoslp.com\/?p=59215","title":{"rendered":"VILLA DE POZOS REALIZAR\u00c1 JORNADA DE VACUNACI\u00d3N CONTRA EL SARAMPI\u00d3N"},"content":{"rendered":"<p>\u2014La jornada se llevar\u00e1 a cabo los d\u00edas 3 y 5 de febrero en la Plaza Principal, como parte de las acciones preventivas para proteger la salud de la poblaci\u00f3n.<br \/>\nCon el objetivo de reforzar las acciones de prevenci\u00f3n y protecci\u00f3n a la salud de las y los ciudadanos, el Gobierno Municipal de Villa de Pozos en coordinaci\u00f3n con los Servicios de Salud del Estado, llevar\u00e1 a cabo una Jornada de Vacunaci\u00f3n contra el Sarampi\u00f3n, dirigida a distintos grupos de edad.<br \/>\nLa jornada se realizar\u00e1 los d\u00edas martes 3 y jueves 5 de febrero, en un horario de 10:00 a 14:00 horas, en la Plaza Principal de Villa de Pozos, donde se aplicar\u00e1n las vacunas de manera gratuita como parte de la estrategia para prevenir enfermedades y fortalecer la salud p\u00fablica.<br \/>\nPodr\u00e1n acudir a vacunarse ni\u00f1as y ni\u00f1os de 12 y 18 meses de edad, ni\u00f1as y ni\u00f1os de 6 a\u00f1os, adolescentes de 10 a 19 a\u00f1os que no cuenten con esquema completo, as\u00ed como adultos de 20 a 49 a\u00f1os que no est\u00e9n vacunados o desconozcan su esquema de vacunaci\u00f3n, as\u00ed mismo la jornada est\u00e1 dirigida al personal de salud.<br \/>\nFinalmente, el Gobierno Municipal de Villa de Pozos reiter\u00f3 la invitaci\u00f3n a la ciudadan\u00eda a participar en esta jornada preventiva, ya que la vacunaci\u00f3n es una de las principales herramientas para proteger la salud individual y colectiva, y reafirm\u00f3 su compromiso de continuar impulsando acciones coordinadas en beneficio del bienestar de las familias del municipio.<br \/>\nILLA DE POZOS REALIZAR\u00c1 JORNADA DE VACUNACI\u00d3N CONTRA EL SARAMPI\u00d3N<br \/>\n\u2014La jornada se llevar\u00e1 a cabo los d\u00edas 3 y 5 de febrero en la Plaza Principal, como parte de las acciones preventivas para proteger la salud de la poblaci\u00f3n.<br \/>\nCon el objetivo de reforzar las acciones de prevenci\u00f3n y protecci\u00f3n a la salud de las y los ciudadanos, el Gobierno Municipal de Villa de Pozos en coordinaci\u00f3n con los Servicios de Salud del Estado, llevar\u00e1 a cabo una Jornada de Vacunaci\u00f3n contra el Sarampi\u00f3n, dirigida a distintos grupos de edad.<br \/>\nLa jornada se realizar\u00e1 los d\u00edas martes 3 y jueves 5 de febrero, en un horario de 10:00 a 14:00 horas, en la Plaza Principal de Villa de Pozos, donde se aplicar\u00e1n las vacunas de manera gratuita como parte de la estrategia para prevenir enfermedades y fortalecer la salud p\u00fablica.<br \/>\nPodr\u00e1n acudir a vacunarse ni\u00f1as y ni\u00f1os de 12 y 18 meses de edad, ni\u00f1as y ni\u00f1os de 6 a\u00f1os, adolescentes de 10 a 19 a\u00f1os que no cuenten con esquema completo, as\u00ed como adultos de 20 a 49 a\u00f1os que no est\u00e9n vacunados o desconozcan su esquema de vacunaci\u00f3n, as\u00ed mismo la jornada est\u00e1 dirigida al personal de salud.<br \/>\nFinalmente, el Gobierno Municipal de Villa de Pozos reiter\u00f3 la invitaci\u00f3n a la ciudadan\u00eda a participar en esta jornada preventiva, ya que la vacunaci\u00f3n es una de las principales herramientas para proteger la salud individual y colectiva, y reafirm\u00f3 su compromiso de continuar impulsando acciones coordinadas en beneficio del bienestar de las familias del municipio.<br \/>\nVILLA DE POZOS REALIZAR\u00c1 JORNADA DE VACUNACI\u00d3N CONTRA EL SARAMPI\u00d3N.<\/p>\n","protected":false},"excerpt":{"rendered":"<p>\u2014La jornada se llevar\u00e1 a cabo los d\u00edas 3 y 5 de febrero en la Plaza Principal, como parte de las acciones preventivas para proteger la salud de la poblaci\u00f3n. Con el objetivo de reforzar las acciones de prevenci\u00f3n y protecci\u00f3n a la salud de las y los ciudadanos, el Gobierno Municipal de Villa de [&hellip;]<\/p>\n","protected":false},"author":8,"featured_media":0,"comment_status":"closed","ping_status":"closed","sticky":false,"template":"","format":"standard","meta":{"footnotes":""},"categories":[59],"tags":[],"class_list":["post-59215","post","type-post","status-publish","format-standard","hentry","category-villadepozos"],"jetpack-related-posts":[],"_links":{"self":[{"href":"https:\/\/circulorojoslp.com\/index.php?rest_route=\/wp\/v2\/posts\/59215"}],"collection":[{"href":"https:\/\/circulorojoslp.com\/index.php?rest_route=\/wp\/v2\/posts"}],"about":[{"href":"https:\/\/circulorojoslp.com\/index.php?rest_route=\/wp\/v2\/types\/post"}],"author":[{"embeddable":true,"href":"https:\/\/circulorojoslp.com\/index.php?rest_route=\/wp\/v2\/users\/8"}],"replies":[{"embeddable":true,"href":"https:\/\/circulorojoslp.com\/index.php?rest_route=%2Fwp%2Fv2%2Fcomments&post=59215"}],"version-history":[{"count":0,"href":"https:\/\/circulorojoslp.com\/index.php?rest_route=\/wp\/v2\/posts\/59215\/revisions"}],"wp:attachment":[{"href":"https:\/\/circulorojoslp.com\/index.php?rest_route=%2Fwp%2Fv2%2Fmedia&parent=59215"}],"wp:term":[{"taxonomy":"category","embeddable":true,"href":"https:\/\/circulorojoslp.com\/index.php?rest_route=%2Fwp%2Fv2%2Fcategories&post=59215"},{"taxonomy":"post_tag","embeddable":true,"href":"https:\/\/circulorojoslp.com\/index.php?rest_route=%2Fwp%2Fv2%2Ftags&post=59215"}],"curies":[{"name":"wp","href":"https:\/\/api.w.org\/{rel}","templated":true}]}}